{"id":905,"date":"2016-09-03T17:48:41","date_gmt":"2016-09-03T15:48:41","guid":{"rendered":"https:\/\/intimind.es\/?p=905"},"modified":"2018-11-29T13:17:40","modified_gmt":"2018-11-29T12:17:40","slug":"por-que-estar-demasiado-ocupados-nos-hace-sentir-bien","status":"publish","type":"post","link":"https:\/\/intimind.es\/home\/por-que-estar-demasiado-ocupados-nos-hace-sentir-bien\/","title":{"rendered":"\u00bfPor qu\u00e9 estar demasiado ocupados nos hace sentir bien?"},"content":{"rendered":"<p>[vc_row][vc_column width=\u00bb1\/6&#8243;][\/vc_column][vc_column width=\u00bb2\/3&#8243;][vc_separator color=\u00bborange\u00bb style=\u00bbshadow\u00bb][vc_custom_heading text=\u00bbDestruyamos el mito de que ESTAR ocupado es igual a SER importante. Tu valor no est\u00e1 determinado por la cantidad de cosas que puedes meter en un d\u00eda.<br \/>\nHay tareas ineludibles para la mayor\u00eda: trabajar, cocinar, limpiar, cuidar de nuestras familias y amigos&#8230; lo mejor es que lo hagamos con buen \u00e1nimo.<br \/>\nPero hay momentos en que las ocupaciones nos invaden sin ser necesarias.<br \/>\nAverigua en qu\u00e9 grado acumulas tareas inconscientemente para no enfrentarte a algo.<br \/>\nAcabaremos con una pr\u00e1ctica muy \u00fatil para personas s\u00faperocupadas (como todos nosotros)\u00bb font_container=\u00bbtag:h2|text_align:justify\u00bb use_theme_fonts=\u00bbyes\u00bb][vc_separator color=\u00bborange\u00bb style=\u00bbshadow\u00bb][\/vc_column][vc_column width=\u00bb1\/6&#8243;][\/vc_column][\/vc_row][vc_row][vc_column width=\u00bb1\/6&#8243;][\/vc_column][vc_column width=\u00bb2\/3&#8243;][vc_column_text][\/vc_column_text][vc_custom_heading text=\u00bbA continuaci\u00f3n, un di\u00e1logo real mantenido hace unos d\u00edas con mis amigas Natalia y Teresa (que me han dado permiso para que lo le\u00e1is)\u00bb font_container=\u00bbtag:h3|text_align:justify\u00bb use_theme_fonts=\u00bbyes\u00bb][\/vc_column][vc_column width=\u00bb1\/6&#8243;][\/vc_column][\/vc_row][vc_row][vc_column width=\u00bb1\/6&#8243;][\/vc_column][vc_column width=\u00bb2\/3&#8243;][vc_separator color=\u00bborange\u00bb style=\u00bbshadow\u00bb][vc_column_text]<\/p>\n<p style=\"text-align: justify;\"><strong>El curso \u00a0siempre comienza\u00a0en septiembre<\/strong><\/p>\n<p>(Teresa)-A veces las cosas cuestan mucho de materializarse &#8230;. Como iniciar mis clases de yoga, la verdad es que estoy un tanto &#8216;paf&#8217;, en dos ocasiones parec\u00eda que se pon\u00edan en marcha y luego nada. No s\u00e9, quiz\u00e1 es que he estado mucho tiempo fuera, pero me da la impresi\u00f3n de que aqu\u00ed la gente es muy poco seria y les cuesta comprometerse.<br \/>\nEntretanto me he inscrito para un curso de Mindfulness y Compasi\u00f3n que se celebrar\u00e1 aqu\u00ed en Barcelona a primeros de diciembre!!<br \/>\nY tu Imma, qu\u00e9 nos cuentas???<\/p>\n<p>(Imma)-Yo ahora me enfrento a un a\u00f1o m\u00e1s con el reto de sacar adelante <a href=\"https:\/\/appsto.re\/es\/l-Bnab.i\">Intimind<\/a> y convertirla en una herramienta de apoyo a la pr\u00e1ctica de Mindfulness (ya lo es pero hay que acercarse m\u00e1s a lo que las personas sentimos como necesidad) Si no lo consigo lo tendr\u00e9 que dejar. Tambi\u00e9n tengo el reto de conseguir trabajos remunerados y ah\u00ed estoy en pleno pluriempleo tan propio del siglo XXI (quien lo hubiera dicho) con la gesti\u00f3n de la app, y las clases de yoga y Mindfulness (dif\u00edcil Teresa, jaja no se si es falta de compromiso, mala organizaci\u00f3n del tiempo o qu\u00e9 pero lo cierto es que todos quieren y luego no acuden)<br \/>\nEsa es mi vida &#8230;\u00bfqu\u00e9 os parece?<br \/>\nY lo m\u00e1s importante \u00bfc\u00f3mo llevar todo esto mindfulmente?<\/p>\n<p>(Natalia)-Hola hermosas,\u00a0That\u00b4s the question&#8230; \u00bfc\u00f3mo llevar este mundo loco + familias + amigos + padres que no entienden nada y se ponen malos (cada vez m\u00e1s) + cuidarse a uno mismo + leer un ratito por las noches + hacer ejercicio + no olvidarse de regar las plantas ni la comida del gato mindfulmente? Je je je. Ni el Dalai Lama.<\/p>\n<p>(Teresa)-Buen resumen Natalia! Me veo totalmente retratada, aunque ahora no tenga gato &#8230;..<\/p>\n<h4 style=\"text-align: justify;\"><\/h4>\n<p>[\/vc_column_text][vc_separator color=\u00bborange\u00bb style=\u00bbshadow\u00bb][vc_column_text][\/vc_column_text][\/vc_column][vc_column width=\u00bb1\/6&#8243;][\/vc_column][\/vc_row][vc_row][vc_column width=\u00bb1\/6&#8243;][vc_row_inner][vc_column_inner][\/vc_column_inner][\/vc_row_inner][\/vc_column][vc_column width=\u00bb2\/3&#8243;][vc_icon icon_fontawesome=\u00bbfa fa-question\u00bb color=\u00bborange\u00bb size=\u00bbxl\u00bb align=\u00bbcenter\u00bb css_animation=\u00bbtop-to-bottom\u00bb][vc_custom_heading text=\u00bbCinco preguntas preguntas y una hip\u00f3tesis\u00bb font_container=\u00bbtag:h2|text_align:center\u00bb use_theme_fonts=\u00bbyes\u00bb][vc_column_text][\/vc_column_text][vc_separator color=\u00bborange\u00bb style=\u00bbshadow\u00bb][vc_message message_box_style=\u00bboutline\u00bb message_box_color=\u00bborange\u00bb icon_fontawesome=\u00bbfa fa-bookmark\u00bb]<\/p>\n<blockquote>\n<h2><span style=\"color: #808080;\">La hip\u00f3tesis<\/span><\/h2>\n<h2>Tener plazos, proyectos y actividades puede ser obligatorio, pero volverse <strong>adicto a la<\/strong>\u00a0actividad ininterrumpida, es algo que ELIGES.<\/h2>\n<\/blockquote>\n<p>[\/vc_message][vc_message message_box_style=\u00bboutline\u00bb message_box_color=\u00bbgrey\u00bb]1. \u00bfHasta qu\u00e9 punto nos <strong>enganchamos<\/strong> al frenes\u00ed de acumular tareas?<\/p>\n<p>2. \u00bfIr como <strong>pollo sin cabeza<\/strong> por la vida es siempre lo mejor?.<\/p>\n<p>3. \u00bfPodemos bajar el l\u00edmite de <strong>velocidad<\/strong>?<\/p>\n<p>4. \u00bfQu\u00e9 pasa si dejamos un espacio <strong>en blanco<\/strong> en nuestras apretadas agendas?<\/p>\n<p>5. \u00bfPodemos <strong>dejar de hacer<\/strong> algo y vivir mejor[\/vc_message][\/vc_column][vc_column width=\u00bb1\/6&#8243;][\/vc_column][\/vc_row][vc_row][vc_column width=\u00bb1\/6&#8243;][\/vc_column][vc_column width=\u00bb2\/3&#8243;][vc_column_text][\/vc_column_text][vc_column_text][\/vc_column_text][vc_column_text]<\/p>\n<p style=\"text-align: justify;\">Ahora no puedo: estoy ocupado, tengo trabajo&#8230; <strong>Todo debe esperar<\/strong> cuando estamos inmersos en una actividad.<\/p>\n<p style=\"text-align: justify;\">Ha llegado el momento de desmontar el mito seg\u00fan el cual <strong>si estamos ocupados somos importantes. <\/strong><\/p>\n<p style=\"text-align: justify;\">No voy a elogiar la holgazaner\u00eda, ni la pereza. Lo que pasa es que llevamos una vida en la que parece que <strong>tanto haces, tanto vales<\/strong>. Y acabas sintiendo que <strong>tu valor<\/strong> est\u00e1 determinado por la cantidad de cosas que puedes meter en un d\u00eda.<\/p>\n<p>[\/vc_column_text][vc_column_text][\/vc_column_text][vc_separator color=\u00bborange\u00bb style=\u00bbshadow\u00bb][vc_column_text][\/vc_column_text][\/vc_column][vc_column width=\u00bb1\/6&#8243;][\/vc_column][\/vc_row][vc_row][vc_column width=\u00bb1\/6&#8243;][\/vc_column][vc_column width=\u00bb2\/3&#8243;][vc_icon icon_fontawesome=\u00bbfa fa-ship\u00bb color=\u00bborange\u00bb size=\u00bbxl\u00bb align=\u00bbcenter\u00bb css_animation=\u00bbtop-to-bottom\u00bb][vc_custom_heading text=\u00bbVacaciones en peligro de extinci\u00f3n\u00bb font_container=\u00bbtag:h2|text_align:center\u00bb use_theme_fonts=\u00bbyes\u00bb][vc_column_text][\/vc_column_text][vc_separator color=\u00bborange\u00bb style=\u00bbshadow\u00bb][vc_column_text][\/vc_column_text][vc_column_text]<\/p>\n<p style=\"text-align: justify;\"><a href=\"https:\/\/www.ndsu.edu\/communication\/faculty\/ann_burnett\/\">Ann Burnett<\/a>, profesora de comunicaci\u00f3n en la Universidad Estatal de Dakota del Norte, ha estudiado el aumento de las ocupaciones en su pa\u00eds a trav\u00e9s de las cartas que los americanos env\u00edan en vacaciones. <a href=\"https:\/\/www.ndsu.edu\/research\/newsroom\/feature_stories2010\/dear_friends_and_family_what_does_your_annual_holiday_letter_say_about_you\/\">El estudio <\/a>abarca una colecci\u00f3n de escritos desde la d\u00e9cada de 1960 hasta la actualidad. En las misivas, palabras como <strong>\u00abfren\u00e9tico\u00bb<\/strong> y <strong>\u00abquemado\u00bb<\/strong> comenzaron a aparecer por los a\u00f1os 1970 y 80.<\/p>\n<p style=\"text-align: justify;\">Seg\u00fan Burnett, en aquella \u00e9poca empez\u00f3 todo. Tener una vida ocupada empez\u00f3 a ser <strong>una forma de competencia y un s\u00edmbolo de estatus<\/strong> \u00abSi est\u00e1s ocupado, es que eres importante\u00bb.<\/p>\n<p style=\"text-align: justify;\">As\u00ed que, con esa frase grabada en el ADN han evolucionado las sociedades modernas. Es parte de nuestra identidad. <strong>Si estamos estresados, es porque estamos comprometidos<\/strong> y trabajando duro. Si no, no seremos lo bastante buenos.<\/p>\n<p>[\/vc_column_text][vc_separator color=\u00bborange\u00bb style=\u00bbshadow\u00bb][vc_column_text][\/vc_column_text][\/vc_column][vc_column width=\u00bb1\/6&#8243;][\/vc_column][\/vc_row][vc_row][vc_column width=\u00bb1\/6&#8243;][\/vc_column][vc_column width=\u00bb2\/3&#8243;][vc_icon icon_fontawesome=\u00bbfa fa-retweet\u00bb color=\u00bborange\u00bb size=\u00bbxl\u00bb align=\u00bbcenter\u00bb css_animation=\u00bbtop-to-bottom\u00bb][vc_custom_heading text=\u00bbLa culpa es de las hormonas\u00bb font_container=\u00bbtag:h2|text_align:center\u00bb use_theme_fonts=\u00bbyes\u00bb][vc_column_text][\/vc_column_text][vc_separator color=\u00bborange\u00bb style=\u00bbshadow\u00bb][vc_column_text][\/vc_column_text][vc_column_text]<\/p>\n<p style=\"text-align: justify;\"><strong>Saltar de una tarea a otra es fruto de un impulso<\/strong> m\u00e1s que de una necesidad razonada. Un est\u00edmulo interno m\u00e1s poderoso de lo que puede parecer y que tiene nombre:<a href=\"https:\/\/es.wikipedia.org\/wiki\/Dopamina\"><strong> dopamina.<\/strong><\/a><\/p>\n<p style=\"text-align: justify;\">La dopamina es una droga que producimos de forma natural. Activa el circuito cerebral de <strong>recompensa a corto plazo<\/strong> y eso la hace altamente adictiva. Se libera en el cerebro y nos proporciona un sentido de disfrute, relajaci\u00f3n y gratificaci\u00f3n. Ella es el principal motor de nuestro ajetreo constante. Cada vez que organizas tres citas, haces una compra, o verificas el correo, la dopamina se libera. Te sientes bien. Por un momento. Entonces el cerebro pide otro chute. M\u00e1s actividad. Y con el tiempo te ves en un c\u00edrculo vicioso de acci\u00f3n-recompensa. La <strong>adicci\u00f3n a la acci\u00f3n<\/strong> se est\u00e1 fraguando.<\/p>\n<p style=\"text-align: justify;\">Siguiendo impulsos \u201cnaturales\u201d llega un momento en el que realmente nos cuesta un mundo no hacer nada. Lo llevamos fatal.<\/p>\n<p style=\"text-align: justify;\">\u00bfY cu\u00e1l es la parte negativa?: toneladas de estr\u00e9s, falta de sue\u00f1o, incapacidad para concentrarse, y en algunos casos, menos tiempo, menos d\u00edas de vacaciones.<\/p>\n<p>[\/vc_column_text][vc_separator color=\u00bborange\u00bb style=\u00bbshadow\u00bb][vc_column_text][\/vc_column_text][\/vc_column][vc_column width=\u00bb1\/6&#8243;][\/vc_column][\/vc_row][vc_row][vc_column width=\u00bb1\/6&#8243;][\/vc_column][vc_column width=\u00bb2\/3&#8243;][vc_icon icon_fontawesome=\u00bbfa fa-pause\u00bb color=\u00bborange\u00bb size=\u00bbxl\u00bb align=\u00bbcenter\u00bb css_animation=\u00bbtop-to-bottom\u00bb][vc_custom_heading text=\u00bbParar o no parar\u00bb font_container=\u00bbtag:h2|text_align:center\u00bb use_theme_fonts=\u00bbyes\u00bb][vc_column_text][\/vc_column_text][vc_separator color=\u00bborange\u00bb style=\u00bbshadow\u00bb][vc_column_text][\/vc_column_text][vc_column_text]<\/p>\n<p style=\"text-align: justify;\">La neurociencia que explica las razones de nuestra hiperactividad tambi\u00e9n est\u00e1 empezando a demostrar los efectos de lo contrario, la pausa, en nuestro cerebro. Y resulta que <strong>el reposo es fundamental para la inspiraci\u00f3n y la creatividad.<\/strong> Buena parte de los inventos, las grandes obras de arte y de la filosof\u00eda se crean durante el tiempo de ocio.<\/p>\n<p style=\"text-align: justify;\">A pesar de ello,<strong> nos resistimos a tomar tiempo libre.<\/strong><\/p>\n<p style=\"text-align: justify;\">Sin embargo, cada vez que te preguntes quien te ha robado el mes de abril o por qu\u00e9 los d\u00edas tienen s\u00f3lo 24h , cuando sientes que no te da la vida&#8230; en realidad <strong>no necesitas m\u00e1s tiempo. Necesitas m\u00e1s<\/strong> <strong>quietud<\/strong>. Cuando solo falta una gota para derramar el vaso, cuando tienes hambre de tiempo: Stop.<\/p>\n<p style=\"text-align: justify;\">De veras: <strong>no hace falta tiempo para hacer m\u00e1s<\/strong> cosas e incrementar nuestra ansiedad. Hace falta tiempo de reposo para <strong>recalibrar tu lugar en el mundo<\/strong>, para pensar bien el siguiente paso a dar. <strong>Una pausa sin est\u00edmulos<\/strong>. Para cargar pilas.<\/p>\n<p>[\/vc_column_text][vc_column_text][\/vc_column_text][vc_separator color=\u00bborange\u00bb style=\u00bbshadow\u00bb][vc_column_text][\/vc_column_text][\/vc_column][vc_column width=\u00bb1\/6&#8243;][\/vc_column][\/vc_row][vc_row][vc_column width=\u00bb1\/6&#8243;][\/vc_column][vc_column width=\u00bb2\/3&#8243;][vc_icon icon_fontawesome=\u00bbfa fa-stack-overflow\u00bb color=\u00bborange\u00bb size=\u00bbxl\u00bb align=\u00bbcenter\u00bb css_animation=\u00bbtop-to-bottom\u00bb][vc_custom_heading text=\u00bbUna forma moderna de pereza\u00bb font_container=\u00bbtag:h2|text_align:center\u00bb use_theme_fonts=\u00bbyes\u00bb][vc_column_text][\/vc_column_text][vc_separator color=\u00bborange\u00bb style=\u00bbshadow\u00bb][vc_column_text][\/vc_column_text][vc_column_text]<\/p>\n<p style=\"text-align: justify;\">Rasmus Hougaard y Jacqueline Carter, fundadores de \u201c<a href=\"http:\/\/potentialproject.com\/home\/\">the Potential Project\u201d<\/a> imparten programas de mindfulness en grandes empresas como Amex, Nike, Accenture. Ellos aseguran que <strong>estar ocupados es algo que elegimos en mayor medida de lo que creemos.<\/strong> Optamos por acumular obligaciones porque eso nos mantiene a una distancia segura y c\u00f3moda de muchos problemas. Al final es una manera de escurrir el bulto ante las grandes preguntas sobre la vida y la muerte: \u00bfHe elegido la carrera correcta? <strong>\u00bfMi vida tiene sentido?<\/strong><\/p>\n<p style=\"text-align: justify;\">Hacemos y hacemos sin parar, seguros de que es el camino hacia algo m\u00e1s grande. Algo, aunque igual no sabemos qu\u00e9. Es como subir una escalera todo lo r\u00e1pido que puedes, con la esperanza de llegar a la cima. Y un buen d\u00eda llegas. Est\u00e1s arriba del todo en forma de un ascenso en el trabajo o una casa reci\u00e9n comprada. Pero \u00bfcu\u00e1l es el sentido de llegar a la cima de la escalera? \u00bfy si entonces ves que est\u00e1 apoyada en la pared equivocada?<\/p>\n<p style=\"text-align: justify;\">Moraleja: Que los \u00e1rboles no te impidan ver el bosque (tu prop\u00f3sito vital)<\/p>\n<p>[\/vc_column_text][vc_message message_box_style=\u00bboutline\u00bb message_box_color=\u00bborange\u00bb icon_fontawesome=\u00bbfa fa-bookmark\u00bb]<\/p>\n<h2>Es como subir una escalera todo lo r\u00e1pido que puedes, y cuando llegas arriba del todo te das cuenta de\u00a0que est\u00e1 apoyada en la pared equivocada.<\/h2>\n<p>[\/vc_message][vc_separator color=\u00bborange\u00bb style=\u00bbshadow\u00bb][vc_column_text][\/vc_column_text][\/vc_column][vc_column width=\u00bb1\/6&#8243;][\/vc_column][\/vc_row][vc_row][vc_column width=\u00bb1\/6&#8243;][\/vc_column][vc_column width=\u00bb2\/3&#8243;][vc_icon icon_fontawesome=\u00bbfa fa-space-shuttle\u00bb color=\u00bborange\u00bb size=\u00bbxl\u00bb align=\u00bbcenter\u00bb css_animation=\u00bbtop-to-bottom\u00bb][vc_custom_heading text=\u00bbAntes de acelerar, reduce\u00bb font_container=\u00bbtag:h2|text_align:center\u00bb use_theme_fonts=\u00bbyes\u00bb][vc_column_text][\/vc_column_text][vc_separator color=\u00bborange\u00bb style=\u00bbshadow\u00bb][vc_column_text][\/vc_column_text][vc_column_text]<\/p>\n<p style=\"text-align: justify;\">Vivir y trabajar inteligentemente.<\/p>\n<p style=\"text-align: justify;\">Hacer las cosas bien, no un mont\u00f3n de cosas.<\/p>\n<p style=\"text-align: justify;\"><strong>Podemos aprender del guepardo.<\/strong> El animal terrestre m\u00e1s veloz. Lo habr\u00e1s visto en alg\u00fan documental, es impresionante. Bueno, pues <a href=\"http:\/\/www.agenciasinc.es\/Noticias\/La-aceleracion-no-la-velocidad-hace-que-el-guepardo-gane-todas-las-carreras\">seg\u00fan la revista nature<\/a>,\u00a0m\u00e1s que la velocidad puntual que alcanza en carrera, <strong>la clave de su rapidez est\u00e1 en su capacidad de aceleraci\u00f3n y deceleraci\u00f3n,<\/strong> y en su habilidad para maniobrar. A pesar de su incre\u00edble cuerpo, cuando ve una presa no acelera inmediatamente. En un primer momento el guepardo se ralentiza. Se agacha y durante unos minutos se mueve en c\u00e1mara lenta, mientras todas las fibras musculares de su cuerpo se calientan. Muuuy lento. Luego, cuando est\u00e1 listo, en cuesti\u00f3n de segundos acelera m\u00e1s que un coche deportivo y atrapa su comida. El guepardo no corre sin parar intentando cazar ratones. Su objetivo son las gacelas. <strong>Su t\u00e1ctica es reducir la velocidad para acelerar.<\/strong><\/p>\n<p style=\"text-align: justify;\">Nosotros podemos aprender a concentrarnos en tareas reales y metas importantes en la vida y en el trabajo, en lugar de hacer por hacer. Cuando paras y te permites un momento sin ocupaci\u00f3n, el cerebro deja de lado el impulso inmediato de la dopamina. Entonces te puedes centrar y elegir tus\u00a0acciones <strong>con claridad y desde la libertad.<\/strong><\/p>\n<p style=\"text-align: justify;\">De esa manera podemos seguir mejor los objetivos que para cada cual son m\u00e1s importantes en la vida. Reduciendo la velocidad, podemos acelerar. Hougaard y Carter recomiendan hacer pausas conscientes. En su libro\u00a0<em><a href=\"http:\/\/www.potentialproject.com\/the-book\/\">One Second Ahead: Enhance Your Performance At Work with Mindfulness<\/a>\u00a0<\/em>(Un segundo por delante: Mejore su rendimiento en el trabajo con la atenci\u00f3n plena.) lo explican. Consisten en parar 45 segundos cada hora. <strong>La pausa consciente es como un bot\u00f3n de reinicio<\/strong>. Reseteas la mente, sales del bucle, y te reenfocas en lo que decidas.<\/p>\n<p>[\/vc_column_text][vc_column_text][\/vc_column_text][vc_separator color=\u00bborange\u00bb style=\u00bbshadow\u00bb][vc_column_text][\/vc_column_text][\/vc_column][vc_column width=\u00bb1\/6&#8243;][\/vc_column][\/vc_row][vc_row][vc_column width=\u00bb1\/6&#8243;][\/vc_column][vc_column width=\u00bb2\/3&#8243;][vc_icon icon_fontawesome=\u00bbfa fa-stop-circle-o\u00bb color=\u00bborange\u00bb size=\u00bbxl\u00bb align=\u00bbcenter\u00bb css_animation=\u00bbtop-to-bottom\u00bb][vc_custom_heading text=\u00bbC\u00f3mo hacer pausas conscientes:\u00bb font_container=\u00bbtag:h2|text_align:center\u00bb use_theme_fonts=\u00bbyes\u00bb][vc_column_text][\/vc_column_text][vc_separator color=\u00bborange\u00bb style=\u00bbshadow\u00bb][vc_column_text][\/vc_column_text][vc_message message_box_style=\u00bboutline\u00bb message_box_color=\u00bbgrey\u00bb]<\/p>\n<ol>\n<li>\n<h4 style=\"text-align: justify;\">Establece un temporizador que te avise de que toca hacer un par\u00e9ntesis.<\/h4>\n<\/li>\n<li style=\"text-align: justify;\">\n<h4>Cuando recibes la notificaci\u00f3n, det\u00e9n lo que est\u00e9s haciendo, deja pasar los pensamientos y dirige tu atenci\u00f3n a la respiraci\u00f3n.<\/h4>\n<\/li>\n<li>\n<h4 style=\"text-align: justify;\">En el primer ciclo de respiraci\u00f3n, relaja el cuerpo y la mente.<\/h4>\n<\/li>\n<li>\n<h4 style=\"text-align: justify;\">En el segundo, centra la atenci\u00f3n.<\/h4>\n<\/li>\n<li>\n<h4 style=\"text-align: justify;\">En el tercero, te preguntas \u00ab\u00bfQu\u00e9 estoy haciendo en este momento: Cazo ratones o persigo la presa m\u00e1s grande?<\/h4>\n<\/li>\n<\/ol>\n<p>[\/vc_message][vc_column_text]<\/p>\n<p style=\"text-align: justify;\">Si te parece dif\u00edcil, si la inactividad te impacienta y te asalta la necesidad de hacer algo, ya tienes alg\u00fan grado de adicci\u00f3n a la acci\u00f3n. Afortunadamente, <strong>hay una manera de salir.<\/strong><\/p>\n<p style=\"text-align: justify;\">En cuanto veas que llenar tu tiempo con actividades es un objetivo en si mismo, reduce la velocidad y haz esta breve pr\u00e1ctica, la primera del programa Introducci\u00f3n del m\u00e9todo intimind. Son <strong>10 minutos de meditaci\u00f3n consciente<\/strong> para relajar el cuerpo y enfocar la mente<\/p>\n<p>[\/vc_column_text][vc_video link=\u00bbhttps:\/\/youtu.be\/jehJTsQn3Pw\u00bb src=\u00bb\u00abhttps:\/\/www.youtube.com\/embed\/ZN4XHITlP8E?rel=0&amp;controls=0&amp;showinfo=0\u00ab\u00bb width=\u00bb\u00ab560\u00ab\u00bb height=\u00bb\u00ab315\u00ab\u00bb frameborder=\u00bb\u00ab0\u00ab\u00bb][vc_btn title=\u00bbDescarga intimind gratis\u00bb color=\u00bborange\u00bb align=\u00bbcenter\u00bb i_type=\u00bblinecons\u00bb i_icon_linecons=\u00bbvc_li vc_li-bulb\u00bb button_block=\u00bbtrue\u00bb add_icon=\u00bbtrue\u00bb link=\u00bburl:http%3A%2F%2Fonelink.to%2F5s2ngs|title:Intimind%20en%20App%20Store|target:%20_blank|\u00bb][vc_column_text][\/vc_column_text][vc_column_text]<\/p>\n<p style=\"text-align: justify;\">\u00bfQu\u00e9 tal te ha ido con esta meditaci\u00f3n? Si necesitas apoyo en tu pr\u00e1ctica de meditaci\u00f3n mindfulness prueba esta semana a hacer este ejercicio con intimind. Cu\u00e9ntanos c\u00f3mo te va y seguimos adelante. Nos puedes escribir a contacto@intimind.es<\/p>\n<p>[\/vc_column_text][vc_column_text][\/vc_column_text][vc_separator color=\u00bborange\u00bb style=\u00bbshadow\u00bb][vc_separator color=\u00bborange\u00bb style=\u00bbshadow\u00bb][vc_column_text][\/vc_column_text][\/vc_column][vc_column width=\u00bb1\/6&#8243;][\/vc_column][\/vc_row][vc_row][vc_column][\/vc_column][\/vc_row][vc_row][vc_column][\/vc_column][\/vc_row]<\/p>\n","protected":false},"excerpt":{"rendered":"<p>[vc_row][vc_column width=\u00bb1\/6&#8243;][\/vc_column][vc_column width=\u00bb2\/3&#8243;][vc_separator color=\u00bborange\u00bb style=\u00bbshadow\u00bb][vc_custom_heading text=\u00bbDestruyamos el mito de que ESTAR ocupado es igual a SER importante. Tu valor no est\u00e1 determinado por la cantidad de cosas que puedes meter en un d\u00eda. Hay tareas ineludibles para la mayor\u00eda: trabajar, cocinar, limpiar, cuidar de nuestras familias y amigos&#8230; lo mejor es que lo hagamos con [&hellip;]<\/p>\n","protected":false},"author":2,"featured_media":914,"comment_status":"open","ping_status":"open","sticky":false,"template":"","format":"standard","meta":[],"categories":[27,1,17],"tags":[97,12],"_links":{"self":[{"href":"https:\/\/intimind.es\/home\/wp-json\/wp\/v2\/posts\/905"}],"collection":[{"href":"https:\/\/intimind.es\/home\/wp-json\/wp\/v2\/posts"}],"about":[{"href":"https:\/\/intimind.es\/home\/wp-json\/wp\/v2\/types\/post"}],"author":[{"embeddable":true,"href":"https:\/\/intimind.es\/home\/wp-json\/wp\/v2\/users\/2"}],"replies":[{"embeddable":true,"href":"https:\/\/intimind.es\/home\/wp-json\/wp\/v2\/comments?post=905"}],"version-history":[{"count":30,"href":"https:\/\/intimind.es\/home\/wp-json\/wp\/v2\/posts\/905\/revisions"}],"predecessor-version":[{"id":2808,"href":"https:\/\/intimind.es\/home\/wp-json\/wp\/v2\/posts\/905\/revisions\/2808"}],"wp:featuredmedia":[{"embeddable":true,"href":"https:\/\/intimind.es\/home\/wp-json\/wp\/v2\/media\/914"}],"wp:attachment":[{"href":"https:\/\/intimind.es\/home\/wp-json\/wp\/v2\/media?parent=905"}],"wp:term":[{"taxonomy":"category","embeddable":true,"href":"https:\/\/intimind.es\/home\/wp-json\/wp\/v2\/categories?post=905"},{"taxonomy":"post_tag","embeddable":true,"href":"https:\/\/intimind.es\/home\/wp-json\/wp\/v2\/tags?post=905"}],"curies":[{"name":"wp","href":"https:\/\/api.w.org\/{rel}","templated":true}]}}