{"id":88,"date":"2016-05-15T15:36:16","date_gmt":"2016-05-15T13:36:16","guid":{"rendered":"https:\/\/intimind.es\/?p=88"},"modified":"2018-11-29T13:21:21","modified_gmt":"2018-11-29T12:21:21","slug":"4-pasos-para-liberarse-de-los-pensamientos-negativos","status":"publish","type":"post","link":"https:\/\/intimind.es\/home\/4-pasos-para-liberarse-de-los-pensamientos-negativos\/","title":{"rendered":"4 pasos para liberarse de los pensamientos negativos"},"content":{"rendered":"<p>[vc_row][vc_column][\/vc_column][\/vc_row][vc_row][vc_column width=\u00bb1\/6&#8243;][\/vc_column][vc_column width=\u00bb2\/3&#8243;][vc_custom_heading text=\u00bbMindfulness te ayuda a clarificar tu visi\u00f3n de las cosas, a que la realidad que vives sea algo m\u00e1s objetiva. Para ello, hay que ser consciente de los sesgos y prejuicios con los que filtramos la vida. Cuando te sientas a meditar y observas con paciencia y amabilidad lo que ocurre en tu mente, en tu cuerpo, tus emociones&#8230; te vas dando cuenta de qu\u00e9 color es el cristal con el que afrontas tu d\u00eda a d\u00eda. Y lo que es m\u00e1s importante: te das cuenta de que ese no es el \u00fanico color. \u00bfPodemos cambiar el color del cristal con el que vemos y vivimos el mundo?\u00bb font_container=\u00bbtag:h2|text_align:justify\u00bb use_theme_fonts=\u00bbyes\u00bb][\/vc_column][vc_column width=\u00bb1\/6&#8243;][\/vc_column][\/vc_row][vc_row][vc_column width=\u00bb1\/6&#8243;][\/vc_column][vc_column width=\u00bb2\/3&#8243;][vc_separator color=\u00bborange\u00bb style=\u00bbshadow\u00bb][vc_icon icon_fontawesome=\u00bbfa fa-anchor\u00bb color=\u00bborange\u00bb background_style=\u00bbrounded\u00bb size=\u00bbxl\u00bb align=\u00bbcenter\u00bb css_animation=\u00bbappear\u00bb][vc_custom_heading text=\u00bbLiberarse de los pensamientos negativos\u00bb font_container=\u00bbtag:h4|text_align:center\u00bb use_theme_fonts=\u00bbyes\u00bb][vc_column_text]<\/p>\n<p style=\"text-align: justify;\">Ni huir, ni rechazar, ni ocultar. F\u00edjate bien porque no se trata de ninguna de esas tres cosas. Hablamos de <strong>liberaci\u00f3n.<\/strong> Una de las pr\u00e1cticas de mindfulness consiste en observar los pensamientos y lo hacemos para <strong>detectar cual es el patr\u00f3n<\/strong> que siguen y valorar si se corresponden con una realidad o con una creencia adquirida.<\/p>\n<p style=\"text-align: justify;\">Por ejemplo:<\/p>\n<p style=\"text-align: justify;\">Cada vez que me enfrento a una tarea completamente nueva en mi trabajo pienso:<\/p>\n<p style=\"text-align: justify;\">\u201cNo lo voy a poder hacer\u201d.<\/p>\n<p style=\"text-align: justify;\">Ni siquiera he comenzado\u00a0pero ese pensamiento surge. Ese juicio global negativo.<\/p>\n<p style=\"text-align: justify;\">\u00bfPor qu\u00e9 pienso eso? \u00bfQu\u00e9 base real hay para afirmar tal cosa? \u00bfC\u00f3mo afecta ese pensamiento a mi actitud, a mis ganas, a mi confianza en esos primeros pasos?<\/p>\n<p style=\"text-align: justify;\">No es f\u00e1cil contestar a estas preguntas. Requiere <strong>tiempo, paciencia, y amabilidad<\/strong> (esto es fundamental). Ese tiempo y esa pr\u00e1ctica es <strong>mindfulness<\/strong>.<\/p>\n<p style=\"text-align: justify;\">As\u00ed te vas dando cuenta de que muchos de tus pensamientos negativos no reflejan una realidad sino que son s\u00f3lo <strong>una mirada m\u00e1s<\/strong>, un punto de vista de entre muchos otros posibles.<\/p>\n<p>[\/vc_column_text][\/vc_column][vc_column width=\u00bb1\/6&#8243;][\/vc_column][\/vc_row][vc_row][vc_column width=\u00bb1\/6&#8243;][\/vc_column][vc_column width=\u00bb2\/3&#8243;][vc_separator color=\u00bborange\u00bb style=\u00bbshadow\u00bb][vc_icon icon_fontawesome=\u00bbfa fa-repeat\u00bb color=\u00bborange\u00bb background_style=\u00bbrounded-less\u00bb size=\u00bbxl\u00bb align=\u00bbcenter\u00bb css_animation=\u00bbappear\u00bb][vc_custom_heading text=\u00bbManeras de pensar, costumbres\u00bb font_container=\u00bbtag:h4|text_align:center\u00bb use_theme_fonts=\u00bbyes\u00bb][vc_column_text]<\/p>\n<p style=\"text-align: justify;\">Las razones por las que nuestro cerebro crea patrones son muchas. Su principal objetivo es <strong>garantizar tu supervivencia<\/strong>, y con ese objetivo y a base de repetici\u00f3n, va construyendo carreteras, maneras de pensar. Llega un momento en el que, aunque una carretera no sirva para un momento dado est\u00e1 ah\u00ed, bien asfaltada para que te sea muy f\u00e1cil transitarla. Todo un <strong>estilo de pensamiento<\/strong> que no te sirve (porque no soluciona nada) y que, adem\u00e1s, te mantiene atrapado en el estr\u00e9s, la ansiedad, la depresi\u00f3n, e incluso en conductas adictivas.<\/p>\n<p style=\"text-align: justify;\">El psic\u00f3logo cl\u00ednico <a href=\"http:\/\/elishagoldstein.com\">Elisha Goldstein<\/a>\u00a0considera que esos estilos de pensamiento son trampas mentales.<\/p>\n<p style=\"text-align: justify;\">Seguro que muchos te son familiares:<\/p>\n<ul style=\"text-align: justify;\">\n<li style=\"text-align: justify;\"><strong>el catastrofismo<\/strong> (\u201cSoy lo peor\u201d \u201cmi vida es un desastre\u201d \u201cesto es el fin\u201d),<\/li>\n<li style=\"text-align: justify;\"><strong>la culpa<\/strong> (\u201c\u00bfpor qu\u00e9 he dicho eso? \u201cTodo va a salir mal por esa palabra que he pronunciado en mal momento\u201d \u201csi yo no hubiera hecho eso todo habr\u00eda sido distinto\u201d),<\/li>\n<li style=\"text-align: justify;\"><strong>la exageraci\u00f3n de lo negativo<\/strong> (\u201cno es malo, es horrible\u201d \u201cpeor imposible\u201d)<\/li>\n<li style=\"text-align: justify;\"><strong>restarle importancia a lo positivo<\/strong> (\u201cbueno, no es para tanto\u201d \u201cno soy tan bueno como dicen\u201d \u201cno est\u00e1 mal, pero podr\u00eda ser mucho mejor\u201d)<\/li>\n<li style=\"text-align: justify;\">o simplemente los <strong>pensamientos negativos<\/strong> m\u00e1s comunes(\u00bfCu\u00e1les son los tuyos?).<\/li>\n<\/ul>\n<p style=\"text-align: justify;\">Goldstein es co-fundador del \u201cThe Center for Mindful Living\u201d (Centro para la Vida Consciente) en Los \u00c1ngeles. Es psic\u00f3logo, autor y orador y hace una s\u00edntesis de la psicoterapia tradicional y la atenci\u00f3n plena (mindfulness) para lograr la curaci\u00f3n mental y emocional. El Dr. Goldstein asostiene que tenemos el poder de <strong>transformar<\/strong> nuestros traumas y patrones habituales. Se refiere por supuesto, a los patrones que nos mantienen atrapados en ciclos perpetuos de estr\u00e9s, ansiedad, depresi\u00f3n, o incluso adicci\u00f3n. En sus libros y conferencias ofrece estrategias pr\u00e1cticas para<strong> liberarse<\/strong> de las trampas y obtener paz interior.<\/p>\n<p style=\"text-align: justify;\">\u00bfNo te pasa que, cuando m\u00e1s cansancio sientes peor ves las cosas? Cuando te despiertas en medio de la noche y no puedes conciliar el sue\u00f1o \u00bfno son tus pensamientos tan oscuros como todo lo que te rodea en ese momento?<\/p>\n<p style=\"text-align: justify;\">En situaciones como esas puedes tener la seguridad de que <strong>no est\u00e1s pensando bien<\/strong>. El cerebro es muy sofisticado, somos seres inteligentes pero las neuronas tambi\u00e9n nos traicionan.<\/p>\n<p style=\"text-align: justify;\">\u00bfPodemos nadar contra la corriente, contra algunas tendencias dirigidas por\u00a0una mente ansiosa?, \u00bfPodemos transformar las emociones negativas sin autoenga\u00f1os?. No estamos hablando de eliminar pensamientos negativos sin m\u00e1s y porque s\u00ed. Hablamos de facilitar una mayor <strong>aceptaci\u00f3n de uno mismo,<\/strong> desde la libertad y la paz interior.<\/p>\n<p>[\/vc_column_text][\/vc_column][vc_column width=\u00bb1\/6&#8243;][\/vc_column][\/vc_row][vc_row][vc_column width=\u00bb1\/6&#8243;][\/vc_column][vc_column width=\u00bb2\/3&#8243;][vc_separator color=\u00bborange\u00bb style=\u00bbshadow\u00bb][vc_icon icon_fontawesome=\u00bbfa fa-chain-broken\u00bb color=\u00bborange\u00bb background_style=\u00bbrounded-less\u00bb size=\u00bbxl\u00bb align=\u00bbcenter\u00bb css_animation=\u00bbappear\u00bb][vc_custom_heading text=\u00bbLa pr\u00e1ctica de la libertad\u00bb font_container=\u00bbtag:h4|text_align:center\u00bb use_theme_fonts=\u00bbyes\u00bb][vc_column_text]Puedes hacer este ejercicio, elaborado por Elisha Goldstein. Cuando detectes una trampa mental o un pensamiento negativo com\u00fan, en primer lugar para, inspira profundamente, y, desde ese espacio de atenci\u00f3n plena, da los siguientes 4 pasos:[\/vc_column_text][\/vc_column][vc_column width=\u00bb1\/6&#8243;][\/vc_column][\/vc_row][vc_row][vc_column width=\u00bb1\/6&#8243;][\/vc_column][vc_column width=\u00bb2\/3&#8243;][vc_column_text][\/vc_column_text][vc_separator color=\u00bborange\u00bb style=\u00bbshadow\u00bb][vc_column_text][\/vc_column_text][vc_column_text]<\/p>\n<ol>\n<li>\n<h3 style=\"text-align: justify;\">Ponle nombre<\/h3>\n<\/li>\n<\/ol>\n<p style=\"text-align: justify;\">Nombra el estilo de pensamiento o la creencia que est\u00e1s teniendo y que <strong>no te sirve<\/strong> para nada (por ejemplo: comer compulsivamente, pensamiento catastrofista, mal humor\u2026) Esto crea m\u00e1s consciencia y adem\u00e1s las <a href=\"http:\/\/www.ncbi.nlm.nih.gov\/pubmed\/17634566\">investigaciones<\/a> del profesor <a href=\"http:\/\/www.cmu.edu\/dietrich\/psychology\/people\/core-training-faculty\/creswell-david.html\">David Cresswell<\/a>\u00a0tambi\u00e9n apuntan que estimula la zonas cerebrales donde se regulan las emociones<\/p>\n<ol style=\"text-align: justify;\" start=\"2\">\n<li>\n<h3>Si\u00e9ntelo<\/h3>\n<\/li>\n<\/ol>\n<p style=\"text-align: justify;\">Reconoce c\u00f3mo son los sentimientos en tu cuerpo: un nudo en el est\u00f3mago, una obstrucci\u00f3n en la garganta, un estremecimiento\u2026 busca la <strong>sensaci\u00f3n f\u00edsica<\/strong> que causa ese pensamiento o esa emoci\u00f3n. Esto nos pone en contacto con la realidad, en el presente. Afrontamos lo que hay y le dejamos espacio cuando, inconscientemente, nuestra tendencia ser\u00eda que eso desaparezca lo m\u00e1s pronto posible.<\/p>\n<ol style=\"text-align: justify;\" start=\"3\">\n<li>\n<h3>Su\u00e9ltalo<\/h3>\n<\/li>\n<\/ol>\n<p style=\"text-align: justify;\">Practica esta frase al ritmo de tu respiraci\u00f3n: \u201cInspirando, soy consciente de mis sentimientos; espirando, suelto\u201d. Lo complicado de esto es que hablamos de una materia muy escurridiza. Pensamientos y emociones son como una <strong>corriente subterr\u00e1nea constante.<\/strong> No te gustan y los paras pero saltan compuertas, reaparecen transformados, con m\u00e1s virulencia tal vez. Mindfulness te propone observar, ir d\u00e1ndote cuenta de c\u00f3mo son realmente. Entonces, con m\u00e1s claridad y con menos miedo los puedes soltar. Dejar pasar.<\/p>\n<ol style=\"text-align: justify;\" start=\"4\">\n<li>\n<h3>Redir\u00edgelo<\/h3>\n<\/li>\n<\/ol>\n<p style=\"text-align: justify;\">Redirige tu atenci\u00f3n hacia algo que sea <strong>saludable y\/o m\u00e1s importante<\/strong> como para prestarle atenci\u00f3n.\u00a0Lleva este bienestar contigo a todos los momentos del d\u00eda que te sea posible, centr\u00e1ndote en lo que realmente importa.\u00a0Esta pr\u00e1ctica se inspira en el trabajo basado en la evidencia MBCT, (mindfulness basado en la terapia cognitiva.)<\/p>\n<p>[\/vc_column_text][vc_separator color=\u00bborange\u00bb style=\u00bbshadow\u00bb][vc_btn title=\u00bbDescarga intimind gratis\u00bb color=\u00bborange\u00bb align=\u00bbcenter\u00bb i_type=\u00bblinecons\u00bb i_icon_linecons=\u00bbvc_li vc_li-bulb\u00bb button_block=\u00bbtrue\u00bb add_icon=\u00bbtrue\u00bb link=\u00bburl:http%3A%2F%2Fonelink.to%2F5s2ngs|title:Intimind%20en%20App%20Store|target:%20_blank|\u00bb][vc_separator color=\u00bborange\u00bb style=\u00bbshadow\u00bb][vc_column_text]<\/p>\n<p style=\"text-align: justify;\">Lo m\u00e1s importante es que es un<strong> proceso<\/strong> de aprendizaje. Esto significa que no medimos el \u00e9xito en funci\u00f3n de si da resultado o no cada vez, sino que el objetivo es <strong>entrenar el cerebro<\/strong> para <strong>nombrar, reconocer, soltar y redirigir.<\/strong><\/p>\n<p style=\"text-align: justify;\">La maestr\u00eda solo se alcanza con mentalidad de aprendizaje.<\/p>\n<p style=\"text-align: justify;\">Como cuando aprendes a ir en bici, cuando practicas y repites, cada vez, tu cerebro convierte esto en algo autom\u00e1tico.<\/p>\n<p>[\/vc_column_text][vc_column_text]<\/p>\n<p style=\"text-align: justify;\">\u00bfTe animas a empezar con la pr\u00e1ctica de la libertad? Cu\u00e9ntanos c\u00f3mo te va.<\/p>\n<p>[\/vc_column_text][vc_separator color=\u00bborange\u00bb style=\u00bbshadow\u00bb][\/vc_column][vc_column width=\u00bb1\/6&#8243;][\/vc_column][\/vc_row]<\/p>\n","protected":false},"excerpt":{"rendered":"<p>[vc_row][vc_column][\/vc_column][\/vc_row][vc_row][vc_column width=\u00bb1\/6&#8243;][\/vc_column][vc_column width=\u00bb2\/3&#8243;][vc_custom_heading text=\u00bbMindfulness te ayuda a clarificar tu visi\u00f3n de las cosas, a que la realidad que vives sea algo m\u00e1s objetiva. Para ello, hay que ser consciente de los sesgos y prejuicios con los que filtramos la vida. Cuando te sientas a meditar y observas con paciencia y amabilidad lo que ocurre en [&hellip;]<\/p>\n","protected":false},"author":2,"featured_media":773,"comment_status":"open","ping_status":"open","sticky":false,"template":"","format":"standard","meta":[],"categories":[18,15,16],"tags":[36,12,24,33,28],"_links":{"self":[{"href":"https:\/\/intimind.es\/home\/wp-json\/wp\/v2\/posts\/88"}],"collection":[{"href":"https:\/\/intimind.es\/home\/wp-json\/wp\/v2\/posts"}],"about":[{"href":"https:\/\/intimind.es\/home\/wp-json\/wp\/v2\/types\/post"}],"author":[{"embeddable":true,"href":"https:\/\/intimind.es\/home\/wp-json\/wp\/v2\/users\/2"}],"replies":[{"embeddable":true,"href":"https:\/\/intimind.es\/home\/wp-json\/wp\/v2\/comments?post=88"}],"version-history":[{"count":21,"href":"https:\/\/intimind.es\/home\/wp-json\/wp\/v2\/posts\/88\/revisions"}],"predecessor-version":[{"id":2812,"href":"https:\/\/intimind.es\/home\/wp-json\/wp\/v2\/posts\/88\/revisions\/2812"}],"wp:featuredmedia":[{"embeddable":true,"href":"https:\/\/intimind.es\/home\/wp-json\/wp\/v2\/media\/773"}],"wp:attachment":[{"href":"https:\/\/intimind.es\/home\/wp-json\/wp\/v2\/media?parent=88"}],"wp:term":[{"taxonomy":"category","embeddable":true,"href":"https:\/\/intimind.es\/home\/wp-json\/wp\/v2\/categories?post=88"},{"taxonomy":"post_tag","embeddable":true,"href":"https:\/\/intimind.es\/home\/wp-json\/wp\/v2\/tags?post=88"}],"curies":[{"name":"wp","href":"https:\/\/api.w.org\/{rel}","templated":true}]}}