{"id":844,"date":"2016-06-28T17:32:19","date_gmt":"2016-06-28T15:32:19","guid":{"rendered":"https:\/\/intimind.es\/?p=844"},"modified":"2018-11-29T13:20:18","modified_gmt":"2018-11-29T12:20:18","slug":"de-donde-saco-tiempo-para-meditar","status":"publish","type":"post","link":"https:\/\/intimind.es\/home\/de-donde-saco-tiempo-para-meditar\/","title":{"rendered":"\u00a1Socorro! \u00bfDe d\u00f3nde saco tiempo para meditar?"},"content":{"rendered":"<p>[vc_row][vc_column width=\u00bb1\/6&#8243;][\/vc_column][vc_column width=\u00bb2\/3&#8243;][vc_custom_heading text=\u00bbSi s\u00f3lo dispones de un minuto (escaso) para este art\u00edculo puedes ir directamente al \u00faltimo punto. Si puedes, no te pierdas todo lo que te voy a contar porque el tema del tiempo es algo que da para mucho y adem\u00e1s descubrir\u00e1s que un minuto es distinto en funci\u00f3n de si practicas mindfulness o no.\u00bb font_container=\u00bbtag:h2|text_align:justify\u00bb use_theme_fonts=\u00bbyes\u00bb][\/vc_column][vc_column width=\u00bb1\/6&#8243;][\/vc_column][\/vc_row][vc_row][vc_column width=\u00bb1\/6&#8243;][\/vc_column][vc_column width=\u00bb2\/3&#8243;][vc_column_text][\/vc_column_text][vc_separator color=\u00bborange\u00bb style=\u00bbshadow\u00bb][vc_column_text]<\/p>\n<p style=\"text-align: justify;\">Este el es principal problema de los meditadores. C\u00f3mo encuentro tiempo para meditar si todos los d\u00edas me faltan horas. La respuesta es: <strong>decidiendo<\/strong> dedicar un tiempo a la meditaci\u00f3n. No hay otra. No basta con saber que es importante para ti, que te sienta bien, que tiene un valor alto en tus escalas. Tienes que <strong>asignarle un espacio en tu vida de cada d\u00eda<\/strong>.<\/p>\n<p style=\"text-align: justify;\">Lo de hacer hueco en tu agenda para la meditaci\u00f3n le quita cierto romanticismo a la cosa, igual hasta te parece propio de personajes cuadriculados con tendencia al estre\u00f1imiento. Pero lo cierto es que cuando apuntas algo en la casilla del #hayquehacer, s\u00f3lo entonces le est\u00e1s dando importancia. Como dice David Dillard-Wright, autor un <a href=\"https:\/\/books.google.es\/books\/about\/Meditation_for_Multitaskers_with_CD.html?id=rNHbeSVWa8QC&amp;redir_esc=y\" target=\"_blank\" rel=\"noopener\">libro<\/a> de meditaci\u00f3n para los \u201cmultitarea\u201d,\u00a0escribir, y sobretodo escribir a mano, tiene un poderoso efecto en tu memoria. En el caso que nos ocupa, es una manera de <strong>comprometerte a ti mismo<\/strong>. Lo anotas en el calendario y, de paso, sientes satisfacci\u00f3n por dedicarle tiempo a tu propio bienestar.<\/p>\n<p>[\/vc_column_text][vc_separator color=\u00bborange\u00bb style=\u00bbshadow\u00bb][vc_column_text][\/vc_column_text][\/vc_column][vc_column width=\u00bb1\/6&#8243;][\/vc_column][\/vc_row][vc_row][vc_column width=\u00bb1\/6&#8243;][vc_row_inner][vc_column_inner][\/vc_column_inner][\/vc_row_inner][\/vc_column][vc_column width=\u00bb2\/3&#8243;][vc_icon icon_fontawesome=\u00bbfa fa-bell-o\u00bb color=\u00bborange\u00bb size=\u00bbxl\u00bb align=\u00bbcenter\u00bb css_animation=\u00bbtop-to-bottom\u00bb][vc_custom_heading text=\u00bbEs la hora de meditar\u00bb font_container=\u00bbtag:h2|text_align:center\u00bb use_theme_fonts=\u00bbyes\u00bb][vc_column_text][\/vc_column_text][vc_separator color=\u00bborange\u00bb style=\u00bbshadow\u00bb][vc_column_text]<\/p>\n<p style=\"text-align: justify;\">Intentamos al menos que haya una hora para comer, para cenar, para ir a dormir\u2026\u00bfPor qu\u00e9 no para meditar?<\/p>\n<p style=\"text-align: justify;\">Prueba <strong>por la ma\u00f1ana<\/strong>. Lo ideal de ese tramo del d\u00eda es que acaba de empezar y puedes decidir que ah\u00ed est\u00e1 el espacio de tu meditaci\u00f3n. Es lo de: \u201chago esto lo primero de todo y que salga el sol por Antequera\u201d Puede ocurrir que te sientes a meditar y que d\u00eda tras d\u00eda sufres porque la lista del #hoyhayquehacer no para. Esto no deber\u00eda desanimarte. Es una magn\u00edfica ocasi\u00f3n para o<strong>bservar c\u00f3mo funciona tu mente, qu\u00e9 tipo de patrones sigue en cuanto amanece<\/strong>&#8230;No obstante puedes (y debes) probar otros momentos. Int\u00e9ntalo <strong>por la tarde<\/strong> si ves que en tus rutinas hay ah\u00ed un oasis de tiempo. O <strong>por la noche,<\/strong> en ese instante en que ya sabes que ma\u00f1ana ser\u00e1 otro d\u00eda y que puedes dejar de hacer cosas, puedes soltar como haces cada vez que te metes en la cama. Bueno, pues con esta intenci\u00f3n de soltar puedes empezar tu pr\u00e1ctica nocturna.<\/p>\n<p>[\/vc_column_text][vc_separator color=\u00bborange\u00bb style=\u00bbshadow\u00bb][\/vc_column][vc_column width=\u00bb1\/6&#8243;][\/vc_column][\/vc_row][vc_row][vc_column width=\u00bb1\/6&#8243;][\/vc_column][vc_column width=\u00bb2\/3&#8243;][vc_icon type=\u00bbtypicons\u00bb icon_typicons=\u00bbtypcn typcn-anchor\u00bb color=\u00bborange\u00bb size=\u00bbxl\u00bb align=\u00bbcenter\u00bb css_animation=\u00bbtop-to-bottom\u00bb][vc_custom_heading text=\u00bbEl momento perfecto es ahora.\u00bb font_container=\u00bbtag:h2|text_align:center\u00bb use_theme_fonts=\u00bbyes\u00bb][vc_column_text][\/vc_column_text][vc_separator color=\u00bborange\u00bb style=\u00bbshadow\u00bb][vc_column_text][\/vc_column_text][vc_column_text]<\/p>\n<p style=\"text-align: justify;\">Al final, el ensayo-error te dir\u00e1 cual es el mejor momento, o el menos malo. Porque es muy probable que, aunque quieres meditar, tambi\u00e9n sea bastante f\u00e1cil encontrar mil motivos por los que <strong>hoy no puedes.<\/strong> Y esto pasa cada d\u00eda que es hoy, es decir, todos los d\u00edas. Y lo dejamos para ma\u00f1ana. Esto ocurre con cualquier h\u00e1bito. Haruki Murakami, en su libro \u201cDe qu\u00e9 hablo cuando hablo de correr\u201d entrevista a un corredor ol\u00edmpico y le pregunta: \u201cTambi\u00e9n los corredores de alto nivel como usted tienen d\u00edas de esos en que a uno no le apetece correr, en que preferir\u00eda seguir tumbado en la cama, o hacer cualquier otra cosa?.\u201d La respuesta (a la que le tienes que poner cara de asombro y perplejidad) fue: \u201c\u00a1Pues claro que si, constantemente!\u201d.<\/p>\n<p style=\"text-align: justify;\">Lo mismo le preguntaron en una ocasi\u00f3n a Oprah Winfrey que, seg\u00fan parece, <strong>corre 8 kil\u00f3metros diarios<\/strong>, incluso cuando est\u00e1 de viaje, y ella respondi\u00f3 que tiene que <strong>volver a plantearse su objetivo todos los d\u00edas de su vida.<\/strong> As\u00ed que no esperes sentarte a practicar porque te lo pide el cuerpo sin m\u00e1s, de buen grado y sin ninguna resistencia. Tienes que concertar una cita contigo mismo\/a. \u00a0No es algo a hacer cuando te apetezca, y no va a llegar el d\u00eda en que te surja de forma \u00abnatural\u00bb. Durante el d\u00eda hay muchas tareas que atender. Por eso, nuevamente, la recomendaci\u00f3n es ser flexible y elegir el comienzo o el final de la jornada. Consejo final: <strong>Evita las horas punta.<\/strong><\/p>\n<p>[\/vc_column_text][vc_column_text][\/vc_column_text][vc_separator color=\u00bborange\u00bb style=\u00bbshadow\u00bb][\/vc_column][vc_column width=\u00bb1\/6&#8243;][\/vc_column][\/vc_row][vc_row][vc_column width=\u00bb1\/6&#8243;][\/vc_column][vc_column width=\u00bb2\/3&#8243;][vc_icon type=\u00bbtypicons\u00bb icon_typicons=\u00bbtypcn typcn-calendar\u00bb color=\u00bborange\u00bb size=\u00bbxl\u00bb align=\u00bbcenter\u00bb css_animation=\u00bbtop-to-bottom\u00bb][vc_custom_heading text=\u00bbTu agenda gruy\u00e8re\u00bb font_container=\u00bbtag:h2|text_align:center\u00bb use_theme_fonts=\u00bbyes\u00bb][vc_column_text][\/vc_column_text][vc_separator color=\u00bborange\u00bb style=\u00bbshadow\u00bb][vc_column_text][\/vc_column_text][vc_column_text]<\/p>\n<p style=\"text-align: justify;\">Estamos muy ocupados. Si. Pero la agenda no es un muro compacto de actividades, es m\u00e1s bien como un queso gruy\u00e8re. Si te fijas, est\u00e1 <strong>llena de agujeros a lo largo de la jornada<\/strong> y lo que te sugiero es que en alguno de ellos te sientes a meditar. Los agujeros, normalmente, est\u00e1n hechos de minutos. De horas hay algunos, pero pocos.<\/p>\n<p style=\"text-align: justify;\">En eso pensamos cuando creamos intimind, y esa es la raz\u00f3n por la que, la mayor\u00eda de nuestras pr\u00e1cticas son de 10 minutos y est\u00e1n siempre disponibles en el m\u00f3vil. As\u00ed puedes practicar en cualquier momento y tambi\u00e9n en cualquier lugar, con total intimidad y de forma guiada.<\/p>\n<p>[\/vc_column_text][vc_btn title=\u00bbDescarga intimind gratis\u00bb color=\u00bborange\u00bb align=\u00bbcenter\u00bb i_type=\u00bblinecons\u00bb i_icon_linecons=\u00bbvc_li vc_li-bulb\u00bb button_block=\u00bbtrue\u00bb add_icon=\u00bbtrue\u00bb link=\u00bburl:http%3A%2F%2Fonelink.to%2F5s2ngs|title:Intimind%20en%20App%20Store|target:%20_blank|\u00bb][vc_message message_box_style=\u00bboutline\u00bb message_box_color=\u00bbgrey\u00bb]<\/p>\n<h4 style=\"text-align: justify; padding-left: 90px;\">Y ahora llega la hora de la verdad.<\/h4>\n<h4 style=\"text-align: justify; padding-left: 90px;\">1.-Has identificado esos agujeros gruy\u00e8re.<\/h4>\n<h4 style=\"text-align: justify; padding-left: 90px;\">2.-Programa en ellos tu meditaci\u00f3n diaria.<\/h4>\n<h4 style=\"text-align: justify; padding-left: 90px;\">3.-Escr\u00edbelo en papel y refuerza as\u00ed tu compromiso.<\/h4>\n<p>[\/vc_message][vc_column_text]<\/p>\n<p style=\"text-align: justify;\">Entonces s\u00f3lo tienes que hacer una cosa. Cuando llegue esa hora que has marcado en tu agenda lo dejas todo para meditar unos minutos. Sonar\u00e1 el whatsapp, te llegar\u00e1 un correo, te llamar\u00e1 alguien, te entrar\u00e1 sed&#8230; Entonces debes distinguir entre una verdadera emergencia, y lo que es un ruido m\u00e1s de tu vida cotidiana al que toca dejar de lado.<\/p>\n<p style=\"text-align: justify;\">A veces cuesta hacer esta diferencia. Preg\u00fantate si esa tarea puede esperar, si la puedes acometer en cuanto acabes tu pr\u00e1ctica. Si es as\u00ed, sigue adelante con tu compromiso y luego har\u00e1s lo que tengas que hacer. Hasta es posible que te salga mejor.<\/p>\n<p>[\/vc_column_text][vc_separator color=\u00bborange\u00bb style=\u00bbshadow\u00bb][vc_message message_box_style=\u00bboutline\u00bb message_box_color=\u00bborange\u00bb icon_fontawesome=\u00bbfa fa-bookmark\u00bb]<\/p>\n<blockquote>\n<h3 style=\"text-align: justify;\">\u00abEl primer principio es que no te debes enga\u00f1ar a ti mismo y eres la persona m\u00e1s f\u00e1cil de enga\u00f1ar. As\u00ed que hay que tener mucho cuidado con eso\u00bb<\/h3>\n<h3 style=\"text-align: justify;\">Richard Feynman<\/h3>\n<\/blockquote>\n<p>[\/vc_message][vc_separator color=\u00bborange\u00bb style=\u00bbshadow\u00bb][vc_column_text][\/vc_column_text][\/vc_column][vc_column width=\u00bb1\/6&#8243;][\/vc_column][\/vc_row][vc_row][vc_column width=\u00bb1\/6&#8243;][\/vc_column][vc_column width=\u00bb2\/3&#8243;][vc_icon type=\u00bbtypicons\u00bb icon_typicons=\u00bbtypcn typcn-arrow-maximise-outline\u00bb color=\u00bborange\u00bb size=\u00bbxl\u00bb align=\u00bbcenter\u00bb css_animation=\u00bbtop-to-bottom\u00bb][vc_custom_heading text=\u00bbSi meditas 10 minutos, el d\u00eda es m\u00e1s largo\u00bb font_container=\u00bbtag:h2|text_align:center\u00bb use_theme_fonts=\u00bbyes\u00bb][vc_column_text][\/vc_column_text][vc_separator color=\u00bborange\u00bb style=\u00bbshadow\u00bb][vc_column_text][\/vc_column_text][vc_column_text]<\/p>\n<p style=\"text-align: justify;\">A\u00fan no se han inventado los d\u00edas de m\u00e1s de 24 horas, y mira que nos hace falta. Sin embargo, parece que t\u00fa puedes hacer que el d\u00eda dure m\u00e1s.<\/p>\n<p style=\"text-align: justify;\">Un reciente <a href=\"http:\/\/www.ncbi.nlm.nih.gov\/pubmed\/23778017\" target=\"_blank\" rel=\"noopener\">estudio<\/a>\u00a0sugiere que un poco de meditaci\u00f3n consciente puede ayudarnos a, al menos, sentir que tenemos m\u00e1s tiempo en nuestras vidas.<\/p>\n<p style=\"text-align: justify;\">Un equipo de investigadores dirigidos por Robin Kramer entrenaron a estudiantes de la Universidad de Kent, en el Reino Unido, para vincular diferentes formas, con dos per\u00edodos de tiempo: uno corto y uno largo. Las formas que se les mostraban en una pantalla de ordenador durante 400 milisegundos representaban una corta duraci\u00f3n, mientras que las formas mostradas 1600 milisegundos representaban una larga duraci\u00f3n. A continuaci\u00f3n, a todos los participantes se les mostraban formas que permanec\u00edan fijas en la pantalla con duraciones variables. Entonces ten\u00edan que determinar si la duraci\u00f3n era m\u00e1s similar al periodo de tiempo corto o al largo.<\/p>\n<p style=\"text-align: justify;\">La mitad de los participantes escuch\u00f3 un ejercicio guiado de mindfulness de 10 minutos. La otra mitad escuch\u00f3 un audiolibro de El Hobbit durante 10 minutos tambi\u00e9n. Inmediatamente despu\u00e9s, los investigadores de nuevo les presentaron formas con diferentes duraciones de tiempo.<\/p>\n<p style=\"text-align: justify;\">Los resultados, publicados en la revista <a href=\"http:\/\/www.sciencedirect.com\/science\/article\/pii\/S1053810013000792\" target=\"_blank\" rel=\"noopener\">Conciencia y Cognici\u00f3n<\/a>, muestran que los meditadores eran m\u00e1s propensos a informar de duraciones de tiempo \u00ablargas\u00bb despu\u00e9s de haber meditado. Por el contrario, los participantes que hab\u00edan escuchado el Hobbit no informaron de ninguna diferencia en la duraci\u00f3n del tiempo.<\/p>\n<p style=\"text-align: justify;\">Los investigadores concluyen que el grupo que practic\u00f3 meditaci\u00f3n consciente <strong>experiment\u00f3 m\u00e1s lentamente el paso del tiempo<\/strong>. Sorprendentemente, el efecto se produjo despu\u00e9s de una \u00fanica sesi\u00f3n de 10 minutos, y entre personas que no ten\u00edan experiencia previa meditaci\u00f3n.<\/p>\n<p>[\/vc_column_text][vc_video link=\u00bbhttps:\/\/www.youtube.com\/watch?v=My1T0D7srFQ\u00bb src=\u00bb\u00abhttps:\/\/www.youtube.com\/embed\/My1T0D7srFQ\u00ab\u00bb width=\u00bb\u00ab560\u00ab\u00bb height=\u00bb\u00ab315\u00ab\u00bb frameborder=\u00bb\u00ab0\u00ab\u00bb][vc_column_text]<\/p>\n<p style=\"text-align: justify;\">Aunque se necesitan m\u00e1s estudios, los investigadores defienden la hip\u00f3tesis de que la pr\u00e1ctica de la atenci\u00f3n plena altera <strong>la percepci\u00f3n del tiempo,<\/strong> ya que nos induce a dirigir la atenci\u00f3n hacia el interior. Seg\u00fan dicen en el documento, cuando nos distraemos y vamos en piloto autom\u00e1tico, tenemos menos capacidad para prestar atenci\u00f3n al transcurrir del tiempo, y lo experimentamos como m\u00e1s r\u00e1pido. Sin embargo, con el ejercicio de la meditaci\u00f3n consciente, centrando la atenci\u00f3n en los procesos internos como la respiraci\u00f3n, agudizamos la capacidad para notar el paso del tiempo y<strong> lo percibimos como m\u00e1s largo<\/strong>, con una mayor duraci\u00f3n.<\/p>\n<p style=\"text-align: justify;\">Kramer considera que este hallazgo nos puede ayudar en la vida cotidiana. En esos momentos en que nos angustiamos porque el tiempo vuela,\u00a0porque se nos va de las manos, porque la primavera ha venido y nadie sabe como ha sido&#8230; Esa sensaci\u00f3n de impotencia se puede aplacar\u00a0si somos capaces de ralentizar el paso del tiempo (porque cambiamos nuestra percepci\u00f3n del mismo). En el caso contrario, Kramer lanza la hip\u00f3tesis de que entrenar la atenci\u00f3n hacia el exterior nos puede ayudar a sentir su paso de forma m\u00e1s r\u00e1pida. Esto ser\u00eda de ayuda en casos en que agobia que el tiempo parezca haberse detenido, como es el caso de las personas con depresi\u00f3n que tienden a sobreestimar la duraci\u00f3n de un hecho negativo.<\/p>\n<p>[\/vc_column_text][vc_column_text][\/vc_column_text][vc_separator color=\u00bborange\u00bb style=\u00bbshadow\u00bb][\/vc_column][vc_column width=\u00bb1\/6&#8243;][\/vc_column][\/vc_row][vc_row][vc_column width=\u00bb1\/6&#8243;][\/vc_column][vc_column width=\u00bb2\/3&#8243;][vc_icon type=\u00bbtypicons\u00bb icon_typicons=\u00bbtypcn typcn-stopwatch\u00bb color=\u00bborange\u00bb size=\u00bbxl\u00bb align=\u00bbcenter\u00bb css_animation=\u00bbtop-to-bottom\u00bb][vc_custom_heading text=\u00bbNo tengo ni 10 minutos\u00bb font_container=\u00bbtag:h2|text_align:center\u00bb use_theme_fonts=\u00bbyes\u00bb][vc_column_text][\/vc_column_text][vc_separator color=\u00bborange\u00bb style=\u00bbshadow\u00bb][vc_column_text][\/vc_column_text][vc_column_text]<\/p>\n<p style=\"text-align: justify;\">Bueno, pues vamos muy r\u00e1pido. Para ti, hemos elaborado un plan en tres pasos:<\/p>\n<p style=\"text-align: justify;\">1.-<strong> Medita caminando<\/strong><\/p>\n<p style=\"text-align: justify;\">Puedes aprender a estar presente mientras caminas. Intenta hacer los ejercicios que te proponemos <a href=\"https:\/\/intimind.es\/como-practicar-meditacion-caminando\/\" target=\"_blank\" rel=\"noopener\">en este post.<\/a><\/p>\n<ol style=\"text-align: justify;\" start=\"2\">\n<li><strong>Dedica tu (poco) tiempo a otra persona<\/strong><\/li>\n<\/ol>\n<p style=\"text-align: justify;\">En cuatro estudios realizados por las Universidades de Harvard, Pennsylvania y Yale, los participantes informaron de que <strong>su sensaci\u00f3n de tener tiempo aumentaba cuando hac\u00edan peque\u00f1os gestos agradables para los dem\u00e1s<\/strong>, como escribirles algo amable. Las personas que dedicaron su tiempo a otros sent\u00edan que ten\u00edan m\u00e1s, en comparaci\u00f3n con los que pasaron tiempo con ellos mismos o que tuvieron m\u00e1s tiempo libre al acabar antes el experimento.<\/p>\n<ol style=\"text-align: justify;\" start=\"3\">\n<li><strong>\u00bfTe inunda el agobio? Recuerda \u00abIDEA\u00bb<\/strong><\/li>\n<\/ol>\n<p style=\"text-align: justify;\">Investiga con amabilidad; desidentif\u00edcate de la experiencia; examina con curiosidad; acepta lo que hay tal y como es.<\/p>\n<p>[\/vc_column_text][vc_video link=\u00bbhttps:\/\/www.youtube.com\/watch?v=ZN4XHITlP8E\u00bb src=\u00bb\u00abhttps:\/\/www.youtube.com\/embed\/ZN4XHITlP8E?rel=0&amp;controls=0&amp;showinfo=0\u00ab\u00bb width=\u00bb\u00ab560\u00ab\u00bb height=\u00bb\u00ab315\u00ab\u00bb frameborder=\u00bb\u00ab0\u00ab\u00bb][vc_column_text]<\/p>\n<blockquote>\n<p style=\"text-align: justify;\">No obstante, para gozar de una vida placentera, tranquila y feliz, es importante dejar de pisar el acelerador y replantearnos nuestra filosof\u00eda de vida, porque como dijo una vez el maestro Ramiro Calle:\u00a0\u201cHasta un caballo de carreras si no para, se destripa\u201d.<\/p>\n<p style=\"text-align: justify;\">Lucha por tus 10 minutos diarios y por ir aument\u00e1ndolos.<\/p>\n<\/blockquote>\n<p>[\/vc_column_text][vc_column_text][\/vc_column_text][vc_separator color=\u00bborange\u00bb style=\u00bbshadow\u00bb][vc_message message_box_style=\u00bboutline\u00bb message_box_color=\u00bborange\u00bb icon_fontawesome=\u00bbfa fa-bookmark\u00bb]<\/p>\n<blockquote>\n<h3>\u201cEs esencial dedicar media hora al d\u00eda a la meditaci\u00f3n, salvo cuando uno est\u00e1 muy ocupado; entonces hace falta una hora entera.\u201d<\/h3>\n<\/blockquote>\n<p>[\/vc_message][vc_column_text][\/vc_column_text][vc_column_text]\u00bfQu\u00e9 estrategias utilizas t\u00fa para sacar tiempo para meditar? \u00bfQu\u00e9 es lo que mejor te funciona? \u00bfNos lo cuentas?[\/vc_column_text][vc_separator color=\u00bborange\u00bb style=\u00bbshadow\u00bb][vc_column_text][\/vc_column_text][\/vc_column][vc_column width=\u00bb1\/6&#8243;][\/vc_column][\/vc_row][vc_row][vc_column][\/vc_column][\/vc_row]<\/p>\n","protected":false},"excerpt":{"rendered":"<p>[vc_row][vc_column width=\u00bb1\/6&#8243;][\/vc_column][vc_column width=\u00bb2\/3&#8243;][vc_custom_heading text=\u00bbSi s\u00f3lo dispones de un minuto (escaso) para este art\u00edculo puedes ir directamente al \u00faltimo punto. Si puedes, no te pierdas todo lo que te voy a contar porque el tema del tiempo es algo que da para mucho y adem\u00e1s descubrir\u00e1s que un minuto es distinto en funci\u00f3n de si practicas [&hellip;]<\/p>\n","protected":false},"author":2,"featured_media":851,"comment_status":"open","ping_status":"open","sticky":false,"template":"","format":"standard","meta":[],"categories":[27,15,1],"tags":[96],"_links":{"self":[{"href":"https:\/\/intimind.es\/home\/wp-json\/wp\/v2\/posts\/844"}],"collection":[{"href":"https:\/\/intimind.es\/home\/wp-json\/wp\/v2\/posts"}],"about":[{"href":"https:\/\/intimind.es\/home\/wp-json\/wp\/v2\/types\/post"}],"author":[{"embeddable":true,"href":"https:\/\/intimind.es\/home\/wp-json\/wp\/v2\/users\/2"}],"replies":[{"embeddable":true,"href":"https:\/\/intimind.es\/home\/wp-json\/wp\/v2\/comments?post=844"}],"version-history":[{"count":26,"href":"https:\/\/intimind.es\/home\/wp-json\/wp\/v2\/posts\/844\/revisions"}],"predecessor-version":[{"id":2810,"href":"https:\/\/intimind.es\/home\/wp-json\/wp\/v2\/posts\/844\/revisions\/2810"}],"wp:featuredmedia":[{"embeddable":true,"href":"https:\/\/intimind.es\/home\/wp-json\/wp\/v2\/media\/851"}],"wp:attachment":[{"href":"https:\/\/intimind.es\/home\/wp-json\/wp\/v2\/media?parent=844"}],"wp:term":[{"taxonomy":"category","embeddable":true,"href":"https:\/\/intimind.es\/home\/wp-json\/wp\/v2\/categories?post=844"},{"taxonomy":"post_tag","embeddable":true,"href":"https:\/\/intimind.es\/home\/wp-json\/wp\/v2\/tags?post=844"}],"curies":[{"name":"wp","href":"https:\/\/api.w.org\/{rel}","templated":true}]}}