{"id":4284,"date":"2021-03-29T11:00:12","date_gmt":"2021-03-29T09:00:12","guid":{"rendered":"https:\/\/intimind.es\/?p=4284"},"modified":"2025-03-10T17:31:45","modified_gmt":"2025-03-10T16:31:45","slug":"meditacion-fuente-de-creatividad","status":"publish","type":"post","link":"https:\/\/intimind.es\/home\/meditacion-fuente-de-creatividad\/","title":{"rendered":"Meditaci\u00f3n: fuente de creatividad"},"content":{"rendered":"<p>[vc_row][vc_column width=\u00bb1\/6&#8243;][\/vc_column][vc_column width=\u00bb2\/3&#8243;][vc_separator color=\u00bbcustom\u00bb style=\u00bbshadow\u00bb border_width=\u00bb5&#8243; accent_color=\u00bb#ef8036&#8243;][vc_column_text][\/vc_column_text][vc_custom_heading text=\u00bbLa creatividad&#8230; \u00bfse nace o se hace? Ambas respuestas son correctas. Es cierto que determinadas personas nacen con un nivel creativo m\u00e1s alto o m\u00e1s desarrollado que otras. No obstante, en la gran mayor\u00eda de casos, la creatividad se aprende. Y se hace a trav\u00e9s de la observaci\u00f3n, el sentir, la necesidad de expresar, de resolver problemas, de la vivencia de experiencias distintas, etc\u00e9tera.\u00bb font_container=\u00bbtag:h2|text_align:justify|color:%23ef8036&#8243; use_theme_fonts=\u00bbyes\u00bb][vc_column_text][\/vc_column_text][vc_separator color=\u00bbcustom\u00bb style=\u00bbshadow\u00bb border_width=\u00bb5&#8243; accent_color=\u00bb#ef8036&#8243;][\/vc_column][vc_column width=\u00bb1\/6&#8243;][\/vc_column][\/vc_row][vc_row][vc_column width=\u00bb1\/6&#8243;][\/vc_column][vc_column width=\u00bb2\/3&#8243;][vc_icon][vc_custom_heading text=\u00bbLa meditaci\u00f3n, amiga de la creatividad\u00bb font_container=\u00bbtag:h2|text_align:center\u00bb use_theme_fonts=\u00bbyes\u00bb][vc_column_text]<\/p>\n<p style=\"text-align: justify;\"><span data-contrast=\"auto\">Lo que s\u00ed que\u00a0<\/span><span data-contrast=\"auto\">es cierto, es que la creatividad,\u00a0<\/span><b><span data-contrast=\"auto\">m\u00e1s que buscarse fuera de cada\u00a0<\/span><\/b><b><span data-contrast=\"auto\">persona, debe buscarse por dentro.\u00a0<\/span><\/b><b><span data-contrast=\"auto\">\u00a0<\/span><\/b><span data-ccp-props=\"{&quot;201341983&quot;:0,&quot;335551550&quot;:6,&quot;335551620&quot;:6,&quot;335559739&quot;:160,&quot;335559740&quot;:259}\">\u00a0<\/span><\/p>\n<p style=\"text-align: justify;\"><span data-contrast=\"auto\">El lado creativo del ser humano<\/span><span data-contrast=\"auto\"> ha estado <\/span><span data-contrast=\"auto\">presente desde <\/span><span data-contrast=\"auto\">el momento que necesitamos como especie c<\/span><span data-contrast=\"auto\">ontar relatos. En la creaci\u00f3n de lo<\/span><span data-contrast=\"auto\">s mitos relacionados con el cielo, la tierra, los animales, el fuego&#8230; el ser humano ha ido formando su lado creador a lo largo de los siglos. Tarde o temprano ese lado creador comenz\u00f3 a tener un significado m\u00e1s pr\u00e1ctico que m\u00edstico<\/span><span data-contrast=\"auto\">, y de la representaci\u00f3n de animales con pinturas rupestres en cuevas, a los relatos sobre la naturaleza viviente o dioses alrededor del fuego, se pas\u00f3 a la fabricaci\u00f3n de bienes materiales que fueran <\/span><span data-contrast=\"auto\">pr\u00e1cticos y \u00fatiles para la poblaci\u00f3n del momento. <\/span><\/p>\n<p style=\"text-align: justify;\"><span data-contrast=\"auto\">Esta capacidad, es proba<\/span><span data-contrast=\"auto\">b<\/span><span data-contrast=\"auto\">lemente, la que <strong>nos diferencia en m\u00e1s medida de los animales.<\/strong> Un p\u00e1jaro puede crear un nido<\/span><span data-contrast=\"auto\">\u00a0siguiendo su\u00a0<\/span><span data-contrast=\"auto\">propia<\/span><span data-contrast=\"auto\">\u00a0l\u00f3gica para\u00a0<\/span><span data-contrast=\"auto\">procurar<\/span><span data-contrast=\"auto\">\u00a0que sus polluelos tengan la mayor seguridad y comodidad posible. Una ara\u00f1a puede\u00a0<\/span><span data-contrast=\"auto\">crear<\/span><span data-contrast=\"auto\">\u00a0una tela muy enrevesada que le ayude a capturar a sus v\u00edctimas. O un<\/span><span data-contrast=\"auto\">\u00a0pavo real puede desplegar sus plumas coloridas y \u00fanicas para tratar de seducir a una hembra de su especie. Todas estas actividades no dejan de tener un componente creador e incluso creativo, pero se limitan a servir una \u00fanica raz\u00f3n: sobrevivir.<\/span><\/p>\n<p style=\"text-align: justify;\"><span data-contrast=\"auto\">Las personas, a diferencia, si hemos acabado creando enormes civilizaciones llenas de anuncios\u00a0<\/span><span data-contrast=\"auto\">publicitarios<\/span><span data-contrast=\"auto\">\u00a0o programas de entretenimiento no ha sido solo por sobrevivir, pues nos habr\u00edamos quedado en antiguas civilizaciones m\u00e1s sencillas. <strong>Nuestra capacidad creativa requiere y exige otra cosa:\u00a0<\/strong><\/span><span data-contrast=\"auto\"><strong>avanzar y progresar.<\/strong>\u00a0<\/span><span data-contrast=\"auto\">Leonardo Da Vinci es un claro ejemplo de ello<\/span><span data-contrast=\"auto\">, con su sencilla necesidad de retarse a s\u00ed mismo y dotar a la sociedad del momento de herramientas que facilitaran la vida o<\/span><span data-contrast=\"auto\">\u00a0consiguieran lo imposible hasta ese momento; como surcar los cielos en un paraca\u00eddas o volar<\/span><span data-contrast=\"auto\">\u00a0(aunque este sue\u00f1o se quedara en intentos)<\/span><span data-ccp-props=\"{&quot;201341983&quot;:0,&quot;335551550&quot;:6,&quot;335551620&quot;:6,&quot;335559739&quot;:160,&quot;335559740&quot;:259}\">\u00a0<\/span><\/p>\n<p style=\"text-align: justify;\"><span data-contrast=\"auto\">En palabras de <a href=\"https:\/\/investigacion.us.es\/sisius\/sis_showpub.php?idpers=1931\">Manuel \u00c1ngel V\u00e1zquez-Medel<\/a><\/span><span data-contrast=\"auto\">, catedr\u00e1tico de la Universidad de Sevilla e investigador en el campo de la Literatura y la Comunicaci\u00f3n para su art\u00edculo\u00a0<\/span><a href=\"https:\/\/idus.us.es\/handle\/11441\/56099\"><i><span data-contrast=\"auto\">Creatividad y Mindfulness\u00a0<\/span><\/i><\/a><span data-contrast=\"auto\">(2014)<\/span><span data-contrast=\"auto\">: <strong>\u201cN<\/strong><\/span><strong>unca hab\u00eda suscitado tanto inter\u00e9s la creatividad como en el siglo XXI. Algo similar podr\u00edamos afirmar de las diferentes pr\u00e1cticas de meditaci\u00f3n<\/strong><span data-contrast=\"auto\"><strong>\u201d<\/strong>. Y a\u00f1ade: \u201c<\/span><span data-contrast=\"auto\">Si la creatividad ha sido necesaria siempre y en todos los \u00e1mbitos de la existencia, nunca lo es tanto como en los tiempos de incertidumbre<\/span><span data-contrast=\"auto\">\u00a0y<\/span><span data-contrast=\"auto\">\u00a0de encrucijadas<\/span><span data-contrast=\"auto\">\u201d<\/span><span data-contrast=\"auto\">.<\/span><span data-contrast=\"auto\">\u00a0<\/span><span data-ccp-props=\"{&quot;201341983&quot;:0,&quot;335551550&quot;:6,&quot;335551620&quot;:6,&quot;335559739&quot;:160,&quot;335559740&quot;:259}\">\u00a0<\/span><\/p>\n<p style=\"text-align: justify;\"><span data-contrast=\"auto\">Lo mismo podr\u00edamos decir de la meditaci\u00f3n. Como\u00a0<\/span><span data-contrast=\"auto\">se explica<\/span><span data-contrast=\"auto\"> en el art\u00edculo<\/span><span data-contrast=\"auto\">\u00a0<\/span><a href=\"https:\/\/intimind.es\/meditar-en-tiempos-de-pandemia\/\"><i><span data-contrast=\"none\">\u00bfMeditar en tiempos de pandemia? <\/span><\/i><\/a><span data-contrast=\"none\">del blog de <span style=\"color: #ff6600;\"><strong>Intimind<\/strong><\/span>, <\/span><span data-contrast=\"auto\">la meditaci\u00f3n en tiempos complicados y cargados de\u00a0<\/span><span data-contrast=\"auto\">incertidumbre<\/span><span data-contrast=\"auto\">\u00a0y ansiedad como los que vivimos este a\u00f1o<\/span><span data-contrast=\"auto\">, se hace\u00a0<\/span><span data-contrast=\"auto\">m\u00e1s necesa<\/span><span data-contrast=\"auto\">ria que nunca.\u00a0<\/span><span data-ccp-props=\"{&quot;201341983&quot;:0,&quot;335551550&quot;:6,&quot;335551620&quot;:6,&quot;335559739&quot;:160,&quot;335559740&quot;:259}\">\u00a0<\/span><\/p>\n<p>[\/vc_column_text][vc_separator color=\u00bbcustom\u00bb style=\u00bbshadow\u00bb border_width=\u00bb5&#8243; accent_color=\u00bb#ef8036&#8243;][vc_column_text][\/vc_column_text][vc_column_text][\/vc_column_text][vc_column_text][\/vc_column_text][vc_custom_heading text=\u00bbLa meditaci\u00f3n, amiga de la creatividad\u00bb font_container=\u00bbtag:h2|text_align:center\u00bb use_theme_fonts=\u00bbyes\u00bb][vc_column_text][\/vc_column_text][vc_column_text][\/vc_column_text][vc_column_text]<\/p>\n<p style=\"text-align: justify;\"><span data-contrast=\"auto\">Normalmente uno de los mayores enemigos de la creatividad es <strong>nuestra propia mente,<\/strong> esa que nos juzga\u00a0<\/span><span data-contrast=\"auto\">por hacer\u00a0<\/span><span data-contrast=\"auto\">una l\u00ednea con un l\u00e1piz un poco torcida o<\/span><span data-contrast=\"auto\">\u00a0cuando nos plantamos delante de<\/span><span data-contrast=\"auto\">\u00a0un lienzo<\/span><span data-contrast=\"auto\">.<\/span><span data-contrast=\"auto\">\u00a0Aparecen<\/span><span data-contrast=\"auto\">\u00a0entonces esas voces malignas que bloquean el proceso\u00a0<\/span><span data-contrast=\"auto\">creativo y que dicen cosas como: <em>no eres capaz de crear nada, no eres una persona creativa<\/em><\/span><span data-contrast=\"auto\">. La meditaci\u00f3n o la pr\u00e1ctica de la atenci\u00f3n plena puede ser una muy buena amiga en e<\/span><span data-contrast=\"auto\">ste sentido.\u00a0<\/span><span data-ccp-props=\"{&quot;201341983&quot;:0,&quot;335551550&quot;:6,&quot;335551620&quot;:6,&quot;335559739&quot;:160,&quot;335559740&quot;:259}\">\u00a0<\/span><\/p>\n<p style=\"text-align: justify;\"><span data-contrast=\"auto\"><strong>En el momento en el que comenzamos a meditar comenzamos tambi\u00e9n un proceso de reeducaci\u00f3n con nuestra mente.<\/strong> Pasamos de escucharla y creernos parte de ella, a convertirnos en <strong>sujetos que<\/strong> <strong>observan,\u00a0<\/strong><\/span><strong>y\u00a0que,<\/strong><span data-contrast=\"auto\"><strong>\u00a0sin juzgar, dejan marchar esos pensamientos.<\/strong> La creatividad implica una necesidad de expresi\u00f3n, pero exige tambi\u00e9n cierta <strong>libertad mental.<\/strong> Por ello, cuanto m\u00e1s nos decidamos a desatarnos d<\/span><span data-contrast=\"auto\">e esos\u00a0<\/span><span data-contrast=\"auto\">juicios<\/span><span data-contrast=\"auto\">\u00a0y\u00a0<\/span><span data-contrast=\"auto\">bloqueos<\/span><span data-contrast=\"auto\">\u00a0mentales que niegan nuestras capacidades creativas, m\u00e1s potenciaremos\u00a0<\/span><span data-contrast=\"auto\">l<\/span><span data-contrast=\"auto\">a creatividad.<\/span><span data-ccp-props=\"{&quot;201341983&quot;:0,&quot;335551550&quot;:6,&quot;335551620&quot;:6,&quot;335559739&quot;:160,&quot;335559740&quot;:259}\">\u00a0<\/span><\/p>\n<p style=\"text-align: justify;\"><span data-contrast=\"auto\">A nivel neurol\u00f3gico, la meditaci\u00f3n tiene\u00a0<\/span><span data-contrast=\"auto\">beneficios<\/span><span data-contrast=\"auto\">\u00a0comprobados en la creatividad. Al practica<\/span><span data-contrast=\"auto\">r<\/span><span data-contrast=\"auto\">\u00a0mindfulness o atenci\u00f3n plena\u00a0<\/span><span data-contrast=\"auto\">nuestro cerebro potencia su actividad en los l\u00f3bulos prefrontales<\/span><span data-contrast=\"auto\">, aquellos implicados en la atenci\u00f3n<\/span><span data-contrast=\"auto\">,<\/span><span data-contrast=\"auto\">\u00a0la motivaci\u00f3n o las emociones,\u00a0<\/span><a href=\"https:\/\/psicologiaymente.com\/neurociencias\/corteza-prefrontal\"><span data-contrast=\"none\">entre otras<\/span><\/a><span data-contrast=\"auto\">. Pero no solo afecta a esta parte del cerebro<\/span><span data-contrast=\"auto\">. Como asegura el investigador V\u00e1zquez-Medel en su estudio, se produce tambi\u00e9<\/span><span data-contrast=\"auto\">n\u00a0<\/span><span data-contrast=\"auto\">\u201cu<\/span><span data-contrast=\"auto\">n mayor equilibrio en los impulsos emocionales de la am\u00edgdala y el hipocampo. El resultado es una <strong>mente m\u00e1s clara, m\u00e1s equilibrada, serena, ecu\u00e1nime, menos vulnerable a sentimientos y pulsiones, m\u00e1s abierta y, por ello, m\u00e1s creativa<\/strong><\/span><strong>\u201d.\u00a0<\/strong><\/p>\n<p style=\"text-align: justify;\">Adem\u00e1s, y tal y como puedes leer en el art\u00edculo del blog <em><a href=\"https:\/\/intimind.es\/mindfulness-y-el-proceso-creativo\/\">Mindfulness y el proceso creativo<\/a>,\u00a0<\/em>la creatividad requiere del \u00abequilibrio entre las redes de improvisaci\u00f3n y el control\u00bb, necesidades que con la pr\u00e1ctica de la atenci\u00f3n plena el cerebro logra equilibrar.<\/p>\n<p>[\/vc_column_text][vc_column_text][\/vc_column_text][vc_column_text][\/vc_column_text][vc_custom_heading text=\u00bbOtras razones por las que la meditaci\u00f3n es amiga de la creatividad\u00bb font_container=\u00bbtag:h2|text_align:center\u00bb use_theme_fonts=\u00bbyes\u00bb][vc_column_text][\/vc_column_text][vc_column_text][\/vc_column_text][vc_message message_box_color=\u00bbgrey\u00bb icon_fontawesome=\u00bbfa fa-paint-brush\u00bb]<\/p>\n<ul>\n<li>La meditaci\u00f3n ayuda a <strong>liberar y regular las emociones<\/strong>, y en todo proceso creativo hay un fuerte componente emocional. En palabras de <a href=\"https:\/\/naturalezasavia.com\/manuel-de-mena\/\">Manuel de Mena<\/a>, instructor de Meditaci\u00f3n, Relajaci\u00f3n y Crecimiento Personal con formaci\u00f3n en Inteligencia Emocional: \u00abEl proceso creativo es un proceso puramente mental-emocional. No existe nada que ampl\u00ede y potencie m\u00e1s la mente y las emociones que la meditaci\u00f3n en la creatividad\u00bb.<\/li>\n<li>La claridad mental que se obtiene con la pr\u00e1ctica de mindfulness ayuda a <strong>despejar la mente y aumentar la concentraci\u00f3n, a\u00a0 tener m\u00e1s ideas y despertar m\u00e1s inquietudes art\u00edsticas.\u00a0<\/strong><\/li>\n<li>Al escuchar en silencio a la mente y practicar el sujeto que observa se pueden llegar a <strong>revelaciones o ideas<\/strong> que no habr\u00edamos escuchado si no hubi\u00e9ramos parado unos minutos a meditar.<\/li>\n<li>Se <strong>mejora la autoestima y con ello nuestra capacidad para derrumbar l\u00edmites y bloqueos<\/strong> mentales y emocionales fruto de inseguridades. Esto a su vez, ayuda a <strong>disparar la imaginaci\u00f3n.\u00a0<\/strong><\/li>\n<\/ul>\n<p>[\/vc_message][\/vc_column][vc_column width=\u00bb1\/6&#8243;][\/vc_column][\/vc_row][vc_row][vc_column width=\u00bb1\/6&#8243;][\/vc_column][vc_column width=\u00bb2\/3&#8243;][vc_btn title=\u00bbIr a mis meditaciones intimind\u00bb color=\u00bborange\u00bb align=\u00bbcenter\u00bb i_icon_fontawesome=\u00bbfa fa-bookmark\u00bb button_block=\u00bbtrue\u00bb add_icon=\u00bbtrue\u00bb link=\u00bburl:https%3A%2F%2Fvimeo.com%2Fondemand%2Fintimindsaludyestres|title:Intimind|target:%20_blank|\u00bb][\/vc_column][vc_column width=\u00bb1\/6&#8243;][\/vc_column][\/vc_row][vc_row][vc_column][\/vc_column][\/vc_row]<\/p>\n","protected":false},"excerpt":{"rendered":"<p>[vc_row][vc_column width=\u00bb1\/6&#8243;][\/vc_column][vc_column width=\u00bb2\/3&#8243;][vc_separator color=\u00bbcustom\u00bb style=\u00bbshadow\u00bb border_width=\u00bb5&#8243; accent_color=\u00bb#ef8036&#8243;][vc_column_text][\/vc_column_text][vc_custom_heading text=\u00bbLa creatividad&#8230; \u00bfse nace o se hace? Ambas respuestas son correctas. Es cierto que determinadas personas nacen con un nivel creativo m\u00e1s alto o m\u00e1s desarrollado que otras. No obstante, en la gran mayor\u00eda de casos, la creatividad se aprende. Y se hace a trav\u00e9s de la observaci\u00f3n, [&hellip;]<\/p>\n","protected":false},"author":14,"featured_media":4296,"comment_status":"open","ping_status":"open","sticky":false,"template":"","format":"standard","meta":[],"categories":[18,27,15,1,17],"tags":[197,82,195,198,20,199,194,193,201,164,127,196,31,190,12,191,192,200],"_links":{"self":[{"href":"https:\/\/intimind.es\/home\/wp-json\/wp\/v2\/posts\/4284"}],"collection":[{"href":"https:\/\/intimind.es\/home\/wp-json\/wp\/v2\/posts"}],"about":[{"href":"https:\/\/intimind.es\/home\/wp-json\/wp\/v2\/types\/post"}],"author":[{"embeddable":true,"href":"https:\/\/intimind.es\/home\/wp-json\/wp\/v2\/users\/14"}],"replies":[{"embeddable":true,"href":"https:\/\/intimind.es\/home\/wp-json\/wp\/v2\/comments?post=4284"}],"version-history":[{"count":5,"href":"https:\/\/intimind.es\/home\/wp-json\/wp\/v2\/posts\/4284\/revisions"}],"predecessor-version":[{"id":4314,"href":"https:\/\/intimind.es\/home\/wp-json\/wp\/v2\/posts\/4284\/revisions\/4314"}],"wp:featuredmedia":[{"embeddable":true,"href":"https:\/\/intimind.es\/home\/wp-json\/wp\/v2\/media\/4296"}],"wp:attachment":[{"href":"https:\/\/intimind.es\/home\/wp-json\/wp\/v2\/media?parent=4284"}],"wp:term":[{"taxonomy":"category","embeddable":true,"href":"https:\/\/intimind.es\/home\/wp-json\/wp\/v2\/categories?post=4284"},{"taxonomy":"post_tag","embeddable":true,"href":"https:\/\/intimind.es\/home\/wp-json\/wp\/v2\/tags?post=4284"}],"curies":[{"name":"wp","href":"https:\/\/api.w.org\/{rel}","templated":true}]}}