{"id":4280,"date":"2021-03-22T11:00:30","date_gmt":"2021-03-22T10:00:30","guid":{"rendered":"https:\/\/intimind.es\/?p=4280"},"modified":"2025-03-12T12:13:53","modified_gmt":"2025-03-12T11:13:53","slug":"medita-donde-y-cuando-quieras","status":"publish","type":"post","link":"https:\/\/intimind.es\/home\/medita-donde-y-cuando-quieras\/","title":{"rendered":"Medita donde y cuando quieras"},"content":{"rendered":"<p>[vc_row][vc_column width=\u00bb1\/6&#8243;][\/vc_column][vc_column width=\u00bb2\/3&#8243;][vc_separator color=\u00bbcustom\u00bb style=\u00bbshadow\u00bb border_width=\u00bb5&#8243; accent_color=\u00bb#ef8036&#8243;][vc_btn title=\u00bbVe al programa Introducci\u00f3n intimind\u00bb color=\u00bborange\u00bb align=\u00bbcenter\u00bb i_icon_fontawesome=\u00bbfa fa-bookmark\u00bb button_block=\u00bbtrue\u00bb add_icon=\u00bbtrue\u00bb link=\u00bburl:https%3A%2F%2Fvimeo.com%2Fondemand%2Fintimindintroduccion|title:Intimind%20Introducci%C3%B3n|target:%20_blank|\u00bb][vc_column_text][\/vc_column_text][vc_custom_heading text=\u00bbLos momentos de pausa en los que se busca un lugar tranquilo para sentarse o tumbarse y practicar durante unos minutos una meditaci\u00f3n, son muy agradables y agradecidos. El problema es que a veces encontrar ese espacio y ese tiempo se complica. A quien goza de m\u00e1s tiempo libre quiz\u00e1 esto no le resulte complicado, pero cada persona y cada familia es un mundo y el tiempo es totalmente relativo.\u00bb font_container=\u00bbtag:h2|text_align:justify|color:%23ef8036&#8243; use_theme_fonts=\u00bbyes\u00bb][vc_column_text][\/vc_column_text][vc_separator color=\u00bbcustom\u00bb style=\u00bbshadow\u00bb border_width=\u00bb5&#8243; accent_color=\u00bb#ef8036&#8243;][\/vc_column][vc_column width=\u00bb1\/6&#8243;][\/vc_column][\/vc_row][vc_row][vc_column width=\u00bb1\/6&#8243;][\/vc_column][vc_column width=\u00bb2\/3&#8243;][vc_column_text]<\/p>\n<p style=\"text-align: justify;\"><span data-contrast=\"none\">\u00a1Pero tenemos una buena noticia! No hace falta que busques 10 minutos al d\u00eda para sentarte con un palito de incienso o unas velas y practicar una meditaci\u00f3n guiada.\u00a0<\/span><b><span data-contrast=\"none\">La meditaci\u00f3n puede estar presente en cualquier momento del d\u00eda.<\/span><\/b><span data-contrast=\"none\">\u00a0Es lo que se conoce como meditaci\u00f3n informal. Y se trata simplemente de eso: de estar presente.\u00a0<\/span><span data-ccp-props=\"{&quot;201341983&quot;:0,&quot;335551550&quot;:6,&quot;335551620&quot;:6,&quot;335559739&quot;:160,&quot;335559740&quot;:259}\">\u00a0<\/span><\/p>\n<p style=\"text-align: justify;\"><span data-contrast=\"none\">Seg\u00fan la describe la doctora <a href=\"https:\/\/www.authentichappiness.sas.upenn.edu\/faculty-profile\/barbara-l-fredrickson-phd\" target=\"_blank\" rel=\"nofollow noopener noreferrer\">Barbara L.\u00a0<\/a><\/span><span data-contrast=\"none\">Fredrickson<\/span><span data-contrast=\"none\">: \u201cLa meditaci\u00f3n informal, a diferencia de la formal, se practica dentro del flujo de las actividades diarias, e<\/span><span data-contrast=\"none\">n momentos<\/span><span data-contrast=\"none\">\u00a0improvisad<\/span><span data-contrast=\"none\">os y\u00a0<\/span><span data-contrast=\"none\">sin instrucci\u00f3n guiada<\/span><span data-contrast=\"none\">\u201d<\/span><span data-contrast=\"none\">.<\/span><span data-ccp-props=\"{&quot;201341983&quot;:0,&quot;335551550&quot;:6,&quot;335551620&quot;:6,&quot;335559739&quot;:160,&quot;335559740&quot;:259}\">\u00a0<\/span><\/p>\n<p style=\"text-align: justify;\"><span data-contrast=\"none\">Es normal que<\/span><span data-contrast=\"none\">,<\/span><span data-contrast=\"none\">\u00a0durante las 12 horas aproximadas que estamos en marcha, respondamos\u00a0<\/span><span data-contrast=\"none\">a l<\/span><span data-contrast=\"none\">as rutinas y obligacione<\/span><span data-contrast=\"none\">s<\/span><span data-contrast=\"none\">\u00a0la<\/span><span data-contrast=\"none\">\u00a0mayor<\/span><span data-contrast=\"none\">\u00a0parte del tiempo\u00a0<\/span><span data-contrast=\"none\">de forma\u00a0<\/span><span data-contrast=\"none\">aut\u00f3mata.<\/span><span data-contrast=\"none\">\u00a0Pero\u00a0<\/span><span data-contrast=\"none\">es en ese vaiv\u00e9n de tareas y rutinas donde debe irrumpir un resquicio de\u00a0<\/span><span data-contrast=\"none\">consciencia\u00a0<\/span><span data-contrast=\"none\">que invite a parar por un minuto.\u00a0<\/span><span data-ccp-props=\"{&quot;201341983&quot;:0,&quot;335551550&quot;:6,&quot;335551620&quot;:6,&quot;335559739&quot;:160,&quot;335559740&quot;:259}\">\u00a0<\/span><\/p>\n<p>[\/vc_column_text][vc_separator color=\u00bbcustom\u00bb style=\u00bbshadow\u00bb border_width=\u00bb5&#8243; accent_color=\u00bb#ef8036&#8243;][vc_column_text][\/vc_column_text][vc_custom_heading text=\u00bbPero entonces, \u00bfqu\u00e9 es la meditaci\u00f3n informal? \u00bfc\u00f3mo la practico?\u00bb font_container=\u00bbtag:h2|text_align:center\u00bb use_theme_fonts=\u00bbyes\u00bb][vc_column_text][\/vc_column_text][vc_column_text][\/vc_column_text][vc_column_text]<\/p>\n<p style=\"text-align: justify;\"><span data-contrast=\"none\">Es la pr\u00e1ctica meditativa en cualquier circunstancia, momento y lugar. Es decir, p<\/span><span data-contrast=\"none\">restar atenci\u00f3n durante 60 sencillos segundos a lo que estamos haciendo, d\u00f3nde estamos, qu\u00e9 ocurre, c\u00f3mo es el espacio que nos envuelve y<\/span><span data-contrast=\"none\">,<\/span><span data-contrast=\"none\">\u00a0si cabe, dejarnos deleitar por alg\u00fan peque\u00f1o detalle: la luz del sol, las nubes, el tic tac del reloj, un hombre paseando, un grupo de ni\u00f1os ri\u00e9ndose, el sabor del caf\u00e9 que est\u00e1s tomando\u2026 Y sentir, ser conscientes de lo que estamos sintiendo, sea lo que sea.\u00a0<\/span><span data-ccp-props=\"{&quot;201341983&quot;:0,&quot;335551550&quot;:6,&quot;335551620&quot;:6,&quot;335559739&quot;:160,&quot;335559740&quot;:259}\">\u00a0<\/span><\/p>\n<p style=\"text-align: justify;\"><span data-contrast=\"none\">Se puede hacer, por ejemplo, cerrando los ojos durante un minuto en la oficina para centrarnos en la respiraci\u00f3n. O mientras conduces, prestando atenci\u00f3n total a cada se\u00f1al, cada movimiento suave del volante, la acci\u00f3n intuitiva y ya autom\u00e1tica de tus pies en los pedales&#8230; O mientras esperas de pie en la cola del s<\/span><span data-contrast=\"none\">upermercado. Puedes prestar atenci\u00f3n total al sonido de la caja pasando cada c\u00f3digo de barras, por ejemplo. Hay muchas maneras y situaciones para practicarlo. <\/span><span data-ccp-props=\"{&quot;201341983&quot;:0,&quot;335551550&quot;:6,&quot;335551620&quot;:6,&quot;335559739&quot;:160,&quot;335559740&quot;:259}\">\u00a0<\/span><\/p>\n<p>[\/vc_column_text][vc_separator color=\u00bbcustom\u00bb style=\u00bbshadow\u00bb border_width=\u00bb5&#8243; accent_color=\u00bb#ef8036&#8243;][vc_column_text][\/vc_column_text][vc_custom_heading text=\u00bb\u00bfPor qu\u00e9 es importante la meditaci\u00f3n informal?\u00bb font_container=\u00bbtag:h2|text_align:center\u00bb use_theme_fonts=\u00bbyes\u00bb][vc_column_text][\/vc_column_text][vc_column_text][\/vc_column_text][vc_column_text]<\/p>\n<p style=\"text-align: justify;\"><span data-contrast=\"none\">El\u00a0<\/span><span data-contrast=\"none\">neuropsic\u00f3logo<\/span><span data-contrast=\"none\">\u00a0<\/span><a href=\"https:\/\/www.rickhanson.net\/blog\/\"><span data-contrast=\"none\">Rick Hanson<\/span><\/a><span data-contrast=\"none\">\u00a0<\/span><span data-contrast=\"none\">defiende que cuantos m\u00e1s recursos positivos nos guardamos y\u00a0<\/span><span data-contrast=\"none\">absorbemos<\/span><span data-contrast=\"none\">\u00a0dentro de nuestro sentir y conciencia, mejor, pues son recursos que m\u00e1s tarde se podr\u00e1n aprovechar.\u00a0<\/span><b><span data-contrast=\"none\">Poner el foco de atenci\u00f3n en los momentos positivos y agr<\/span><\/b><b><span data-contrast=\"none\">adables del d\u00eda<\/span><\/b><span data-contrast=\"none\">, destacando aquello que agradecemos y valoramos en lugar de\u00a0 aquello que nos desagrada y molesta,\u00a0<\/span><b><span data-contrast=\"none\">aumenta nuestra \u201cdespensa\u201d del bienestar.<\/span><\/b><span data-contrast=\"none\">\u00a0<\/span><span data-ccp-props=\"{&quot;201341983&quot;:0,&quot;335551550&quot;:6,&quot;335551620&quot;:6,&quot;335559739&quot;:160,&quot;335559740&quot;:259}\">\u00a0<\/span><\/p>\n<p style=\"text-align: justify;\"><span data-contrast=\"none\">\u00bfY p<\/span><span data-contrast=\"none\">or qu<\/span><span data-contrast=\"none\">\u00e9 es \u00fatil<\/span><span data-contrast=\"none\">\u00a0esto<\/span><span data-contrast=\"none\">? Pues para cuando lleguen d\u00edas complicados o alg\u00fan tipo de adversidad o complicaci\u00f3n.\u00a0<\/span><span data-contrast=\"none\">Haber preparado previamente un colch\u00f3n de momentos positivos<\/span><span data-contrast=\"none\">\u00a0puede ayudar a enfrentar esas situaciones m\u00e1s complejas<\/span><span data-contrast=\"none\">\u00a0e<\/span><span data-contrast=\"none\">l d\u00eda que<\/span><span data-contrast=\"none\">\u00a0lo\u00a0<\/span><span data-contrast=\"none\">\u00a0necesitemos<\/span><span data-contrast=\"none\">.\u00a0<\/span><span data-ccp-props=\"{&quot;201341983&quot;:0,&quot;335551550&quot;:6,&quot;335551620&quot;:6,&quot;335559739&quot;:160,&quot;335559740&quot;:259}\">\u00a0<\/span><\/p>\n<p style=\"text-align: justify;\"><span data-contrast=\"none\">No hay que confundir esto con la negaci\u00f3n de sentir emociones m\u00e1s desagradables. Si hay que pasar por un duelo o una etapa complicada,\u00a0<\/span><b><span data-contrast=\"none\">debemos permitirnos sentir las emociones que correspondan<\/span><\/b><span data-contrast=\"none\">.<\/span><span data-contrast=\"none\">\u00a0Pero esa \u201cdespensa\u201d del bienestar ser\u00e1 como una mano amiga que nos\u00a0<\/span><b><span data-contrast=\"none\">apoye a<\/span><\/b><b><span data-contrast=\"none\">\u00a0seguir adelante en el proceso<\/span><\/b><b><span data-contrast=\"none\">\u00a0en el<\/span><\/b><b><span data-contrast=\"none\">\u00a0que estemos.\u00a0<\/span><\/b><span data-ccp-props=\"{&quot;201341983&quot;:0,&quot;335551550&quot;:6,&quot;335551620&quot;:6,&quot;335559739&quot;:160,&quot;335559740&quot;:259}\">\u00a0<\/span><\/p>\n<p>[\/vc_column_text][vc_separator color=\u00bbcustom\u00bb style=\u00bbshadow\u00bb border_width=\u00bb5&#8243; accent_color=\u00bb#ef8036&#8243;][vc_column_text][\/vc_column_text][vc_custom_heading text=\u00bbBeneficios de la meditaci\u00f3n informal\u00bb font_container=\u00bbtag:h2|text_align:center\u00bb use_theme_fonts=\u00bbyes\u00bb][vc_column_text][\/vc_column_text][vc_column_text][\/vc_column_text][vc_column_text]<\/p>\n<p style=\"text-align: justify;\"><span class=\"TextRun SCXW88199083 BCX0\" lang=\"ES-ES\" xml:lang=\"ES-ES\" data-contrast=\"none\"><span class=\"NormalTextRun SCXW88199083 BCX0\">La Doctora\u00a0<\/span><\/span><a class=\"Hyperlink SCXW88199083 BCX0\" href=\"https:\/\/www.authentichappiness.sas.upenn.edu\/faculty-profile\/barbara-l-fredrickson-phd\" target=\"_blank\" rel=\"noreferrer noopener\"><span class=\"TextRun Underlined SCXW88199083 BCX0\" lang=\"ES-ES\" xml:lang=\"ES-ES\" data-contrast=\"none\"><span class=\"NormalTextRun SCXW88199083 BCX0\" data-ccp-charstyle=\"Hyperlink\">Barbara L.\u00a0<\/span><\/span><span class=\"TextRun Underlined SCXW88199083 BCX0\" lang=\"ES-ES\" xml:lang=\"ES-ES\" data-contrast=\"none\"><span class=\"NormalTextRun SCXW88199083 BCX0\" data-ccp-charstyle=\"Hyperlink\">Fredrickson<\/span><\/span><\/a><span class=\"TextRun SCXW88199083 BCX0\" lang=\"ES-ES\" xml:lang=\"ES-ES\" data-contrast=\"auto\"><span class=\"NormalTextRun SCXW88199083 BCX0\">\u00a0public\u00f3 en mayo de 2019 un\u00a0<\/span><\/span><a class=\"Hyperlink SCXW88199083 BCX0\" href=\"https:\/\/link.springer.com\/content\/pdf\/10.1007\/s12671-019-01154-2.pdf\" target=\"_blank\" rel=\"noreferrer noopener\"><span class=\"TextRun Underlined SCXW88199083 BCX0\" lang=\"ES-ES\" xml:lang=\"ES-ES\" data-contrast=\"none\"><span class=\"NormalTextRun SCXW88199083 BCX0\" data-ccp-charstyle=\"Hyperlink\">estudio<\/span><\/span><\/a><span class=\"TextRun SCXW88199083 BCX0\" lang=\"ES-ES\" xml:lang=\"ES-ES\" data-contrast=\"none\"><span class=\"NormalTextRun SCXW88199083 BCX0\">\u00a0<\/span><\/span><span class=\"TextRun SCXW88199083 BCX0\" lang=\"ES-ES\" xml:lang=\"ES-ES\" data-contrast=\"none\"><span class=\"NormalTextRun SCXW88199083 BCX0\">en el que se analizaban los\u00a0<\/span><\/span><span class=\"TextRun SCXW88199083 BCX0\" lang=\"ES-ES\" xml:lang=\"ES-ES\" data-contrast=\"none\"><span class=\"NormalTextRun SCXW88199083 BCX0\">benef<\/span><\/span><span class=\"TextRun SCXW88199083 BCX0\" lang=\"ES-ES\" xml:lang=\"ES-ES\" data-contrast=\"none\"><span class=\"NormalTextRun SCXW88199083 BCX0\">icios de la meditaci\u00f3n informal<\/span><\/span><span class=\"TextRun SCXW88199083 BCX0\" lang=\"ES-ES\" xml:lang=\"ES-ES\" data-contrast=\"none\"><span class=\"NormalTextRun SCXW88199083 BCX0\">\u00a0<\/span><\/span><span class=\"TextRun SCXW88199083 BCX0\" lang=\"ES-ES\" xml:lang=\"ES-ES\" data-contrast=\"none\"><span class=\"NormalTextRun SCXW88199083 BCX0\">a un grupo de adultos de entre 35 y 62 a\u00f1os que no\u00a0<\/span><\/span><span class=\"TextRun SCXW88199083 BCX0\" lang=\"ES-ES\" xml:lang=\"ES-ES\" data-contrast=\"none\"><span class=\"NormalTextRun SCXW88199083 BCX0\">hab\u00edan<\/span><\/span><span class=\"TextRun SCXW88199083 BCX0\" lang=\"ES-ES\" xml:lang=\"ES-ES\" data-contrast=\"none\"><span class=\"NormalTextRun SCXW88199083 BCX0\">\u00a0<\/span><\/span><span class=\"TextRun SCXW88199083 BCX0\" lang=\"ES-ES\" xml:lang=\"ES-ES\" data-contrast=\"none\"><span class=\"NormalTextRun SCXW88199083 BCX0\">practicado<\/span><\/span><span class=\"TextRun SCXW88199083 BCX0\" lang=\"ES-ES\" xml:lang=\"ES-ES\" data-contrast=\"none\"><span class=\"NormalTextRun SCXW88199083 BCX0\">\u00a0meditaci\u00f3n antes.\u00a0<\/span><\/span><span class=\"TextRun SCXW88199083 BCX0\" lang=\"ES-ES\" xml:lang=\"ES-ES\" data-contrast=\"none\"><span class=\"NormalTextRun SCXW88199083 BCX0\">La prueba\u00a0<\/span><\/span><span class=\"TextRun SCXW88199083 BCX0\" lang=\"ES-ES\" xml:lang=\"ES-ES\" data-contrast=\"none\"><span class=\"NormalTextRun SCXW88199083 BCX0\">les animaba a practica<\/span><\/span><span class=\"TextRun SCXW88199083 BCX0\" lang=\"ES-ES\" xml:lang=\"ES-ES\" data-contrast=\"none\"><span class=\"NormalTextRun SCXW88199083 BCX0\">r<\/span><\/span><span class=\"TextRun SCXW88199083 BCX0\" lang=\"ES-ES\" xml:lang=\"ES-ES\" data-contrast=\"none\"><span class=\"NormalTextRun SCXW88199083 BCX0\">\u00a0meditaciones informales a lo largo de sus d\u00edas durante nueve semanas.\u00a0<\/span><\/span><span class=\"TextRun SCXW88199083 BCX0\" lang=\"ES-ES\" xml:lang=\"ES-ES\" data-contrast=\"none\"><span class=\"NormalTextRun SCXW88199083 BCX0\">Para ello se dividi\u00f3 a los 230 adultos en dos grupos<\/span><\/span><span class=\"TextRun SCXW88199083 BCX0\" lang=\"ES-ES\" xml:lang=\"ES-ES\" data-contrast=\"none\"><span class=\"NormalTextRun SCXW88199083 BCX0\">. El primero deb\u00eda practicar la atenci\u00f3n plena y el segundo la proyecci\u00f3n de bondad y compasi\u00f3n. La organizaci\u00f3n de las semanas del primer grupo fue la siguiente:<\/span><\/span><\/p>\n<h3><\/h3>\n<p>[\/vc_column_text][vc_column_text][\/vc_column_text][vc_column_text][\/vc_column_text][vc_message message_box_style=\u00bboutline\u00bb message_box_color=\u00bbmulled_wine\u00bb icon_fontawesome=\u00bbfa fa-calendar\u00bb]<\/p>\n<ul>\n<li>Semana 1: atenci\u00f3n a la respiraci\u00f3n y el o\u00eddo<\/li>\n<li>Semana 2: atenci\u00f3n al cuerpo<\/li>\n<li>Semana 3: atenci\u00f3n a las emociones<\/li>\n<li>Semana 4: alimentaci\u00f3n a la alimentaci\u00f3n o\u00a0<em>mindful eating<\/em><\/li>\n<li>Semana 5: atenci\u00f3n plena a las conversaciones<\/li>\n<li>Semana 6: revisi\u00f3n e integraci\u00f3n de las pr\u00e1cticas con el grupo<\/li>\n<\/ul>\n<p>[\/vc_message][vc_column_text][\/vc_column_text][vc_column_text][\/vc_column_text][vc_column_text]<\/p>\n<p style=\"text-align: justify;\"><span class=\"TextRun SCXW125158843 BCX0\" lang=\"ES-ES\" xml:lang=\"ES-ES\" data-contrast=\"none\"><span class=\"NormalTextRun SCXW125158843 BCX0\">Las meditaciones informales del segundo\u00a0<\/span><\/span><span class=\"TextRun SCXW125158843 BCX0\" lang=\"ES-ES\" xml:lang=\"ES-ES\" data-contrast=\"none\"><span class=\"NormalTextRun SCXW125158843 BCX0\">grupo\u00a0<\/span><\/span><span class=\"TextRun SCXW125158843 BCX0\" lang=\"ES-ES\" xml:lang=\"ES-ES\" data-contrast=\"none\"><span class=\"NormalTextRun SCXW125158843 BCX0\">se<\/span><\/span><span class=\"TextRun SCXW125158843 BCX0\" lang=\"ES-ES\" xml:lang=\"ES-ES\" data-contrast=\"none\"><span class=\"NormalTextRun SCXW125158843 BCX0\">\u00a0centraban en la\u00a0<\/span><\/span><span class=\"TextRun SCXW125158843 BCX0\" lang=\"ES-ES\" xml:lang=\"ES-ES\" data-contrast=\"none\"><span class=\"NormalTextRun SpellingErrorV2 SCXW125158843 BCX0\">Loving-Kindness<\/span><\/span><span class=\"TextRun SCXW125158843 BCX0\" lang=\"ES-ES\" xml:lang=\"ES-ES\" data-contrast=\"none\"><span class=\"NormalTextRun SCXW125158843 BCX0\">\u00a0<\/span><\/span><span class=\"TextRun SCXW125158843 BCX0\" lang=\"ES-ES\" xml:lang=\"ES-ES\" data-contrast=\"none\"><span class=\"NormalTextRun SpellingErrorV2 SCXW125158843 BCX0\">Meditation<\/span><\/span><span class=\"TextRun SCXW125158843 BCX0\" lang=\"ES-ES\" xml:lang=\"ES-ES\" data-contrast=\"none\"><span class=\"NormalTextRun SCXW125158843 BCX0\">\u00a0<\/span><\/span><span class=\"TextRun SCXW125158843 BCX0\" lang=\"ES-ES\" xml:lang=\"ES-ES\" data-contrast=\"none\"><span class=\"NormalTextRun SCXW125158843 BCX0\">(LKM). Es decir, meditaciones informales enfocadas en el amor, la bondad y la compasi\u00f3n.<\/span><\/span><span class=\"TextRun SCXW125158843 BCX0\" lang=\"ES-ES\" xml:lang=\"ES-ES\" data-contrast=\"none\"><span class=\"NormalTextRun SCXW125158843 BCX0\">\u00a0<\/span><\/span><span class=\"TextRun SCXW125158843 BCX0\" lang=\"ES-ES\" xml:lang=\"ES-ES\" data-contrast=\"none\"><span class=\"NormalTextRun SCXW125158843 BCX0\">Entre ellas\u00a0<\/span><\/span><span class=\"TextRun SCXW125158843 BCX0\" lang=\"ES-ES\" xml:lang=\"ES-ES\" data-contrast=\"none\"><span class=\"NormalTextRun SCXW125158843 BCX0\">s<\/span><\/span><span class=\"TextRun SCXW125158843 BCX0\" lang=\"ES-ES\" xml:lang=\"ES-ES\" data-contrast=\"none\"><span class=\"NormalTextRun SCXW125158843 BCX0\">e inclu\u00eda<\/span><\/span><span class=\"TextRun SCXW125158843 BCX0\" lang=\"ES-ES\" xml:lang=\"ES-ES\" data-contrast=\"none\"><span class=\"NormalTextRun SCXW125158843 BCX0\">, por ejemplo,<\/span><\/span><span class=\"TextRun SCXW125158843 BCX0\" lang=\"ES-ES\" xml:lang=\"ES-ES\" data-contrast=\"none\"><span class=\"NormalTextRun SCXW125158843 BCX0\">\u00a0enviar buenos deseos mentalmente hacia s\u00ed mismos\/as o hacia el resto de participantes.<\/span><\/span><span class=\"TextRun SCXW125158843 BCX0\" lang=\"ES-ES\" xml:lang=\"ES-ES\" data-contrast=\"none\"><span class=\"NormalTextRun SCXW125158843 BCX0\">\u00a0En sus casos, la organizaci\u00f3n de sus semanas fue la siguiente:<\/span><\/span><span class=\"EOP SCXW125158843 BCX0\" data-ccp-props=\"{&quot;201341983&quot;:0,&quot;335551550&quot;:6,&quot;335551620&quot;:6,&quot;335559739&quot;:160,&quot;335559740&quot;:259}\">\u00a0<\/span><\/p>\n<p>[\/vc_column_text][vc_column_text][\/vc_column_text][vc_column_text][\/vc_column_text][vc_message message_box_style=\u00bboutline\u00bb message_box_color=\u00bbmulled_wine\u00bb icon_fontawesome=\u00bbfa fa-calendar\u00bb]<\/p>\n<ul>\n<li>Semana 1: <span class=\"TextRun SCXW115250766 BCX0\" lang=\"ES-ES\" xml:lang=\"ES-ES\" data-contrast=\"none\"><span class=\"NormalTextRun SCXW115250766 BCX0\">m<\/span><\/span><span class=\"TextRun SCXW115250766 BCX0\" lang=\"ES-ES\" xml:lang=\"ES-ES\" data-contrast=\"none\"><span class=\"NormalTextRun SCXW115250766 BCX0\">editaci\u00f3n bondad y compasi\u00f3n hacia un ser querido<\/span><\/span><span class=\"EOP SCXW115250766 BCX0\" data-ccp-props=\"{&quot;134233279&quot;:true,&quot;201341983&quot;:0,&quot;335551550&quot;:6,&quot;335551620&quot;:6,&quot;335559739&quot;:160,&quot;335559740&quot;:259}\">\u00a0<\/span><\/li>\n<li data-leveltext=\"o\" data-font=\"Courier New\" data-listid=\"1\" aria-setsize=\"-1\" data-aria-posinset=\"1\" data-aria-level=\"2\"><span data-contrast=\"none\">Semana 2:\u00a0<\/span><span data-contrast=\"none\">bondad y compasi\u00f3n h<\/span><span data-contrast=\"none\">acia ti misma\/o a lo largo del d\u00eda<\/span><span data-ccp-props=\"{&quot;134233279&quot;:true,&quot;201341983&quot;:0,&quot;335551550&quot;:6,&quot;335551620&quot;:6,&quot;335559739&quot;:160,&quot;335559740&quot;:259}\">\u00a0<\/span><\/li>\n<li data-leveltext=\"o\" data-font=\"Courier New\" data-listid=\"1\" aria-setsize=\"-1\" data-aria-posinset=\"1\" data-aria-level=\"2\"><span data-contrast=\"none\">Semana 3: hacia alguien que apenas conozcas<\/span><span data-ccp-props=\"{&quot;134233279&quot;:true,&quot;201341983&quot;:0,&quot;335551550&quot;:6,&quot;335551620&quot;:6,&quot;335559739&quot;:160,&quot;335559740&quot;:259}\">\u00a0<\/span><\/li>\n<li data-leveltext=\"o\" data-font=\"Courier New\" data-listid=\"1\" aria-setsize=\"-1\" data-aria-posinset=\"1\" data-aria-level=\"2\"><span data-contrast=\"none\">Semana 4: hacia una persona que te irrite o no aprecies mucho<\/span><span data-ccp-props=\"{&quot;134233279&quot;:true,&quot;201341983&quot;:0,&quot;335551550&quot;:6,&quot;335551620&quot;:6,&quot;335559739&quot;:160,&quot;335559740&quot;:259}\">\u00a0<\/span><\/li>\n<li data-leveltext=\"o\" data-font=\"Courier New\" data-listid=\"1\" aria-setsize=\"-1\" data-aria-posinset=\"1\" data-aria-level=\"2\"><span data-contrast=\"none\">Semana 5: hacia todos los seres<\/span><span data-ccp-props=\"{&quot;134233279&quot;:true,&quot;201341983&quot;:0,&quot;335551550&quot;:6,&quot;335551620&quot;:6,&quot;335559739&quot;:160,&quot;335559740&quot;:259}\">\u00a0<\/span><\/li>\n<li data-leveltext=\"o\" data-font=\"Courier New\" data-listid=\"1\" aria-setsize=\"-1\" data-aria-posinset=\"1\" data-aria-level=\"2\"><span data-contrast=\"none\">Semana 6: revisi\u00f3n e integraci\u00f3n\u00a0<\/span><span data-contrast=\"none\">de las pr\u00e1cticas con el grupo<\/span><span data-ccp-props=\"{&quot;134233279&quot;:true,&quot;201341983&quot;:0,&quot;335551550&quot;:6,&quot;335551620&quot;:6,&quot;335559739&quot;:160,&quot;335559740&quot;:259}\">\u00a0<\/span><\/li>\n<\/ul>\n<p>[\/vc_message][vc_column_text][\/vc_column_text][vc_btn title=\u00bbVe al programa Introducci\u00f3n intimind\u00bb color=\u00bborange\u00bb align=\u00bbcenter\u00bb i_icon_fontawesome=\u00bbfa fa-bookmark\u00bb button_block=\u00bbtrue\u00bb add_icon=\u00bbtrue\u00bb link=\u00bburl:https%3A%2F%2Fvimeo.com%2Fondemand%2Fintimindintroduccion|title:Intimind%20Introducci%C3%B3n|target:%20_blank|\u00bb][vc_column_text]<\/p>\n<p style=\"text-align: justify;\"><span class=\"TextRun SCXW200084395 BCX0\" lang=\"ES-ES\" xml:lang=\"ES-ES\" data-contrast=\"none\"><span class=\"NormalTextRun SCXW200084395 BCX0\">Cada d\u00eda deb\u00edan registrar las veces que hab\u00edan practicado la meditaci\u00f3n informal e informar sobre posibles cambios o sensaciones que notaran.\u00a0<\/span><\/span><span class=\"TextRun SCXW200084395 BCX0\" lang=\"ES-ES\" xml:lang=\"ES-ES\" data-contrast=\"none\"><span class=\"NormalTextRun SCXW200084395 BCX0\">Durante el estudio, la doctora\u00a0<\/span><\/span><span class=\"TextRun SCXW200084395 BCX0\" lang=\"ES-ES\" xml:lang=\"ES-ES\" data-contrast=\"none\"><span class=\"NormalTextRun SCXW200084395 BCX0\">Fred<\/span><\/span><span class=\"TextRun SCXW200084395 BCX0\" lang=\"ES-ES\" xml:lang=\"ES-ES\" data-contrast=\"none\"><span class=\"NormalTextRun SCXW200084395 BCX0\">r<\/span><\/span><span class=\"TextRun SCXW200084395 BCX0\" lang=\"ES-ES\" xml:lang=\"ES-ES\" data-contrast=\"none\"><span class=\"NormalTextRun SCXW200084395 BCX0\">ickson<\/span><\/span><span class=\"TextRun SCXW200084395 BCX0\" lang=\"ES-ES\" xml:lang=\"ES-ES\" data-contrast=\"none\"><span class=\"NormalTextRun SCXW200084395 BCX0\">\u00a0y su equipo se percataron que cu\u00e1nto m\u00e1s informaba un sujeto que\u00a0<\/span><\/span><span class=\"TextRun SCXW200084395 BCX0\" lang=\"ES-ES\" xml:lang=\"ES-ES\" data-contrast=\"none\"><span class=\"NormalTextRun SCXW200084395 BCX0\">hab\u00eda<\/span><\/span><span class=\"TextRun SCXW200084395 BCX0\" lang=\"ES-ES\" xml:lang=\"ES-ES\" data-contrast=\"none\"><span class=\"NormalTextRun SCXW200084395 BCX0\">\u00a0practicado meditaci\u00f3n\u00a0<\/span><\/span><span class=\"TextRun SCXW200084395 BCX0\" lang=\"ES-ES\" xml:lang=\"ES-ES\" data-contrast=\"none\"><span class=\"NormalTextRun SCXW200084395 BCX0\">informal<\/span><\/span><span class=\"TextRun SCXW200084395 BCX0\" lang=\"ES-ES\" xml:lang=\"ES-ES\" data-contrast=\"none\"><span class=\"NormalTextRun SCXW200084395 BCX0\">\u00a0ese d\u00eda, m\u00e1s informaba tambi\u00e9n que hab\u00eda experimentado\u00a0<\/span><\/span><span class=\"TextRun SCXW200084395 BCX0\" lang=\"ES-ES\" xml:lang=\"ES-ES\" data-contrast=\"none\"><span class=\"NormalTextRun SCXW200084395 BCX0\">emociones<\/span><\/span><span class=\"TextRun SCXW200084395 BCX0\" lang=\"ES-ES\" xml:lang=\"ES-ES\" data-contrast=\"none\"><span class=\"NormalTextRun SCXW200084395 BCX0\">\u00a0positivas y\u00a0<\/span><\/span><span class=\"TextRun SCXW200084395 BCX0\" lang=\"ES-ES\" xml:lang=\"ES-ES\" data-contrast=\"none\"><span class=\"NormalTextRun SCXW200084395 BCX0\">una mayor integraci\u00f3n social\u00a0<\/span><\/span><span class=\"TextRun SCXW200084395 BCX0\" lang=\"ES-ES\" xml:lang=\"ES-ES\" data-contrast=\"none\"><span class=\"NormalTextRun SCXW200084395 BCX0\">con el resto de participantes. Las conclusiones del estudio fueron que <strong>aquellas personas que pasaron m\u00e1s tiempo dedicadas a pr\u00e1cticas de meditaci\u00f3n informal<\/strong><\/span><\/span><strong><span class=\"TextRun SCXW200084395 BCX0\" lang=\"ES-ES\" xml:lang=\"ES-ES\" data-contrast=\"none\"><span class=\"NormalTextRun SCXW200084395 BCX0\">\u00a0\u201c<\/span><\/span><span class=\"TextRun SCXW200084395 BCX0\" lang=\"ES-ES\" xml:lang=\"ES-ES\" data-contrast=\"none\"><span class=\"NormalTextRun SCXW200084395 BCX0\">en general experimentaron niveles m\u00e1s altos de emociones positivas y m\u00e1s sentimientos de integraci\u00f3n social<\/span><\/span><\/strong><span class=\"TextRun SCXW200084395 BCX0\" lang=\"ES-ES\" xml:lang=\"ES-ES\" data-contrast=\"none\"><span class=\"NormalTextRun SCXW200084395 BCX0\"><strong>,<\/strong>\u00a0<\/span><\/span><span class=\"TextRun SCXW200084395 BCX0\" lang=\"ES-ES\" xml:lang=\"ES-ES\" data-contrast=\"none\"><span class=\"NormalTextRun SCXW200084395 BCX0\">que las personas que pasaron menos tiempo involucradas\u201d<\/span><\/span><span class=\"TextRun SCXW200084395 BCX0\" lang=\"ES-ES\" xml:lang=\"ES-ES\" data-contrast=\"none\"><span class=\"NormalTextRun SCXW200084395 BCX0\">.\u00a0<\/span><\/span><span class=\"EOP SCXW200084395 BCX0\" data-ccp-props=\"{&quot;201341983&quot;:0,&quot;335551550&quot;:6,&quot;335551620&quot;:6,&quot;335559739&quot;:160,&quot;335559740&quot;:259}\">\u00a0<\/span><\/p>\n<p>[\/vc_column_text][\/vc_column][vc_column width=\u00bb1\/6&#8243;][\/vc_column][\/vc_row][vc_row][vc_column width=\u00bb1\/6&#8243;][\/vc_column][vc_column width=\u00bb2\/3&#8243;][vc_separator color=\u00bbcustom\u00bb style=\u00bbshadow\u00bb border_width=\u00bb5&#8243; accent_color=\u00bb#ef8036&#8243;][vc_custom_heading text=\u00bb\u00bfC\u00f3mo llevar la pr\u00e1ctica informal al d\u00eda a d\u00eda?\u00bb font_container=\u00bbtag:h2|text_align:center\u00bb use_theme_fonts=\u00bbyes\u00bb][vc_separator color=\u00bbcustom\u00bb style=\u00bbshadow\u00bb border_width=\u00bb5&#8243; accent_color=\u00bb#ef8036&#8243;][vc_column_text][\/vc_column_text][vc_column_text][\/vc_column_text][vc_column_text][\/vc_column_text][vc_column_text]<\/p>\n<p style=\"text-align: justify;\"><span data-contrast=\"none\">Acord\u00e1ndote, simplemente.\u00a0<\/span><span data-contrast=\"none\">Respetando tus rutinas y tu agenda, pero <strong>salvando peque\u00f1os minutos para dedicarlos a prestar atenci\u00f3n.<\/strong> Sin necesidad de abandonar la oficina, o\u00a0<\/span><span data-contrast=\"none\">esperando\u00a0<\/span><span data-contrast=\"none\">de pie a que tus hijos salgan de clase para recogerlos. Simplemente presta atenci\u00f3n al momento presente.\u00a0<\/span><span data-ccp-props=\"{&quot;201341983&quot;:0,&quot;335551550&quot;:6,&quot;335551620&quot;:6,&quot;335559739&quot;:160,&quot;335559740&quot;:259}\">\u00a0<\/span><\/p>\n<p style=\"text-align: justify;\"><span data-contrast=\"none\">Si te es de ayuda, puedes seguir\u00a0<\/span><span data-contrast=\"none\">la organizaci\u00f3n de las semanas del estudio de la doctora\u00a0<\/span><span data-contrast=\"none\">Fredrickson<\/span><span data-contrast=\"none\">\u00a0para orientarte e inspirarte.\u00a0<\/span><span data-contrast=\"none\">Ambos programas son interesantes y beneficiosos. Con el primero obtendr\u00e1s m\u00e1s <strong>claridad mental<\/strong>, <strong>menos estr\u00e9s<\/strong> y ansiedad<\/span><span data-contrast=\"none\">,\u00a0<\/span><span data-contrast=\"none\">y un estado de relajaci\u00f3n y concentraci\u00f3n m\u00e1s frecuente y agradable.\u00a0<\/span><span data-contrast=\"none\">Y c<\/span><span data-contrast=\"none\">on el segundo\u00a0<\/span><span data-contrast=\"none\">m\u00e1s <strong>optimismo<\/strong><\/span><span data-contrast=\"none\">\u00a0y<\/span><span data-contrast=\"none\">\u00a0entusiasmo<\/span><span data-contrast=\"none\">,\u00a0<\/span><span data-contrast=\"none\">m\u00e1s <strong>autoestima<\/strong><\/span><span data-contrast=\"none\">,<\/span><span data-contrast=\"none\">\u00a0<\/span><span data-contrast=\"none\">una mente m\u00e1s positiva\u00a0<\/span><span data-contrast=\"none\">y una mayor <strong>capacidad emp\u00e1tica.\u00a0<\/strong><\/span><strong>\u00a0<\/strong><\/p>\n<p style=\"text-align: justify;\"><span data-contrast=\"none\">En la aplicaci\u00f3n de<span style=\"color: #ff6600;\"><strong>\u00a0<\/strong><\/span><\/span><span style=\"color: #ff6600;\"><strong>Intimind<\/strong><\/span><span data-contrast=\"none\">\u00a0<\/span><span data-contrast=\"none\">encontrar\u00e1s<\/span><span data-contrast=\"none\">\u00a0<\/span><span data-contrast=\"none\">muchas<\/span><span data-contrast=\"none\">\u00a0meditaciones para practicar tanto la atenci\u00f3n plena<\/span><span data-contrast=\"none\">\u00a0como la compasi\u00f3n hacia ti o hacia otras personas. No dudes en descarg\u00e1rtela.\u00a0<\/span><span data-ccp-props=\"{&quot;201341983&quot;:0,&quot;335551550&quot;:6,&quot;335551620&quot;:6,&quot;335559739&quot;:160,&quot;335559740&quot;:259}\">\u00a0<\/span><\/p>\n<p>[\/vc_column_text][vc_separator color=\u00bbcustom\u00bb style=\u00bbshadow\u00bb border_width=\u00bb5&#8243; accent_color=\u00bb#ef8036&#8243;][vc_btn title=\u00bbVe al programa Introducci\u00f3n intimind\u00bb color=\u00bborange\u00bb align=\u00bbcenter\u00bb i_icon_fontawesome=\u00bbfa fa-bookmark\u00bb button_block=\u00bbtrue\u00bb add_icon=\u00bbtrue\u00bb link=\u00bburl:https%3A%2F%2Fvimeo.com%2Fondemand%2Fintimindintroduccion|title:Intimind%20Introducci%C3%B3n|target:%20_blank|\u00bb][vc_separator color=\u00bbcustom\u00bb style=\u00bbshadow\u00bb border_width=\u00bb5&#8243; accent_color=\u00bb#ef8036&#8243;][vc_icon icon_fontawesome=\u00bbfa fa-hourglass-end\u00bb color=\u00bbcustom\u00bb size=\u00bbxl\u00bb align=\u00bbcenter\u00bb css_animation=\u00bbtop-to-bottom\u00bb custom_color=\u00bb#ef8036&#8243;][vc_separator color=\u00bbcustom\u00bb style=\u00bbshadow\u00bb border_width=\u00bb5&#8243; accent_color=\u00bb#ef8036&#8243;][\/vc_column][vc_column width=\u00bb1\/6&#8243;][\/vc_column][\/vc_row][vc_row][vc_column][\/vc_column][\/vc_row]<\/p>\n","protected":false},"excerpt":{"rendered":"<p>[vc_row][vc_column width=\u00bb1\/6&#8243;][\/vc_column][vc_column width=\u00bb2\/3&#8243;][vc_separator color=\u00bbcustom\u00bb style=\u00bbshadow\u00bb border_width=\u00bb5&#8243; accent_color=\u00bb#ef8036&#8243;][vc_btn title=\u00bbVe al programa Introducci\u00f3n intimind\u00bb color=\u00bborange\u00bb align=\u00bbcenter\u00bb i_icon_fontawesome=\u00bbfa fa-bookmark\u00bb button_block=\u00bbtrue\u00bb add_icon=\u00bbtrue\u00bb link=\u00bburl:https%3A%2F%2Fvimeo.com%2Fondemand%2Fintimindintroduccion|title:Intimind%20Introducci%C3%B3n|target:%20_blank|\u00bb][vc_column_text][\/vc_column_text][vc_custom_heading text=\u00bbLos momentos de pausa en los que se busca un lugar tranquilo para sentarse o tumbarse y practicar durante unos minutos una meditaci\u00f3n, son muy agradables y agradecidos. El problema es que a veces encontrar ese [&hellip;]<\/p>\n","protected":false},"author":14,"featured_media":0,"comment_status":"open","ping_status":"open","sticky":false,"template":"","format":"standard","meta":[],"categories":[154,18,15,1,16],"tags":[7,181,29,82,100,9,31,187,183,184,12,188,186,189,182,185,39],"_links":{"self":[{"href":"https:\/\/intimind.es\/home\/wp-json\/wp\/v2\/posts\/4280"}],"collection":[{"href":"https:\/\/intimind.es\/home\/wp-json\/wp\/v2\/posts"}],"about":[{"href":"https:\/\/intimind.es\/home\/wp-json\/wp\/v2\/types\/post"}],"author":[{"embeddable":true,"href":"https:\/\/intimind.es\/home\/wp-json\/wp\/v2\/users\/14"}],"replies":[{"embeddable":true,"href":"https:\/\/intimind.es\/home\/wp-json\/wp\/v2\/comments?post=4280"}],"version-history":[{"count":5,"href":"https:\/\/intimind.es\/home\/wp-json\/wp\/v2\/posts\/4280\/revisions"}],"predecessor-version":[{"id":4325,"href":"https:\/\/intimind.es\/home\/wp-json\/wp\/v2\/posts\/4280\/revisions\/4325"}],"wp:attachment":[{"href":"https:\/\/intimind.es\/home\/wp-json\/wp\/v2\/media?parent=4280"}],"wp:term":[{"taxonomy":"category","embeddable":true,"href":"https:\/\/intimind.es\/home\/wp-json\/wp\/v2\/categories?post=4280"},{"taxonomy":"post_tag","embeddable":true,"href":"https:\/\/intimind.es\/home\/wp-json\/wp\/v2\/tags?post=4280"}],"curies":[{"name":"wp","href":"https:\/\/api.w.org\/{rel}","templated":true}]}}