{"id":389,"date":"2016-01-25T21:19:12","date_gmt":"2016-01-25T20:19:12","guid":{"rendered":"https:\/\/intimind.es\/?p=389"},"modified":"2025-03-10T17:40:48","modified_gmt":"2025-03-10T16:40:48","slug":"7-consejos-supersencillos-para-empezar-a-meditar","status":"publish","type":"post","link":"https:\/\/intimind.es\/home\/7-consejos-supersencillos-para-empezar-a-meditar\/","title":{"rendered":"7 consejos (s\u00fapersencillos) para empezar a meditar"},"content":{"rendered":"<p>[vc_row][vc_column][\/vc_column][\/vc_row][vc_row][vc_column width=\u00bb1\/6&#8243;][\/vc_column][vc_column width=\u00bb2\/3&#8243;][vc_custom_heading text=\u00bb\u00bfHas decidido aprender a meditar y convertir esta pr\u00e1ctica en una rutina diaria? \u00a1Genial! La meditaci\u00f3n diaria tiene m\u00faltiples beneficios aunque puede ser complicado empezar. Si eres nuevo\/a en esto de meditar no te pierdas esta lista de consejos procedentes de Light Watkins*, profesor de meditaci\u00f3n. Estas son sus mejores estrategias para que saques el m\u00e1ximo partido a tus esfuerzos.\u00bb font_container=\u00bbtag:h2|text_align:justify\u00bb use_theme_fonts=\u00bbyes\u00bb][\/vc_column][vc_column width=\u00bb1\/6&#8243;][\/vc_column][\/vc_row][vc_row][vc_column width=\u00bb1\/6&#8243;][\/vc_column][vc_column width=\u00bb2\/3&#8243;][vc_column_text][\/vc_column_text][vc_separator color=\u00bborange\u00bb style=\u00bbshadow\u00bb][vc_column_text][\/vc_column_text][vc_icon icon_fontawesome=\u00bbfa fa-heart-o\u00bb color=\u00bborange\u00bb size=\u00bbxl\u00bb align=\u00bbcenter\u00bb css_animation=\u00bbtop-to-bottom\u00bb][vc_custom_heading text=\u00bb1. Entabla amistad con tu mente.\u00bb font_container=\u00bbtag:h2|text_align:center\u00bb use_theme_fonts=\u00bbyes\u00bb][vc_column_text][\/vc_column_text][vc_btn title=\u00bbEmpieza a practicar con nuestro m\u00e9todo\u00bb color=\u00bborange\u00bb align=\u00bbcenter\u00bb i_type=\u00bblinecons\u00bb i_icon_linecons=\u00bbvc_li vc_li-bulb\u00bb button_block=\u00bbtrue\u00bb add_icon=\u00bbtrue\u00bb link=\u00bburl:https%3A%2F%2Fvimeo.com%2Fondemand%2Fintimindintroduccion|title:Intimind%20|target:%20_blank|\u00bb][vc_separator color=\u00bborange\u00bb style=\u00bbshadow\u00bb][vc_column_text][\/vc_column_text][vc_column_text]<\/p>\n<p style=\"text-align: justify;\">El s\u00edndrome de la <strong>mente de mono<\/strong> (cuando intentas concentrarte pero tu mente salta sin parar de un sitio a otro) es incre\u00edblemente com\u00fan y te das cuenta nada m\u00e1s empezar a meditar. Lo que te puede sorprender es la forma de superarlo.<\/p>\n<p style=\"text-align: justify;\">En lugar de intentar controlar la mente pensante, <strong>ponte de su lado<\/strong> y abr\u00e1zala. Cuando est\u00e9s practicando, hazlo <strong>sabiendo que tus pensamientos no van a parar.<\/strong> Medita con <strong>intenci\u00f3n amable<\/strong> hacia todos esos pensamientos, especialmente los negativos. Intenta no evitarlos o quedar atrapado en ellos: simplemente obs\u00e9rvalos y conduce tu atenci\u00f3n de nuevo hacia la respiraci\u00f3n. Cuanto m\u00e1s practiques esto, m\u00e1s f\u00e1cil te va a resultar y m\u00e1s pronto descubrir\u00e1s que la clave para silenciar la mente reside en ser completamente indiferente a todos tus pensamientos.<\/p>\n<p style=\"text-align: justify;\">[\/vc_column_text][\/vc_column][vc_column width=\u00bb1\/6&#8243;][\/vc_column][\/vc_row][vc_row][vc_column width=\u00bb1\/6&#8243;][vc_row_inner][vc_column_inner][\/vc_column_inner][\/vc_row_inner][\/vc_column][vc_column width=\u00bb2\/3&#8243;][vc_column_text][\/vc_column_text][vc_separator color=\u00bborange\u00bb style=\u00bbshadow\u00bb][vc_column_text][\/vc_column_text][vc_icon icon_fontawesome=\u00bbfa fa-user\u00bb color=\u00bborange\u00bb size=\u00bbxl\u00bb align=\u00bbcenter\u00bb css_animation=\u00bbtop-to-bottom\u00bb][vc_custom_heading text=\u00bb2. No hay que convertirse en estatua de cera.\u00bb font_container=\u00bbtag:h2|text_align:center\u00bb use_theme_fonts=\u00bbyes\u00bb][vc_column_text][\/vc_column_text][vc_separator color=\u00bborange\u00bb style=\u00bbshadow\u00bb][vc_column_text][\/vc_column_text][vc_column_text]<\/p>\n<p style=\"text-align: justify;\">Con sentarte con la espalda relativamente erguida es suficiente. Y f\u00edjate que erguida no significa tiesa. En ocasiones, el empe\u00f1o en levantar la columna nos lleva a tensar esa zona del cuerpo y se trata de lo contrario, de ser consciente de las posibles rigideces y alargar hacia arriba la columna pero de forma suave, relajada, con sus curvaturas naturales. Si tienes que toser, estornudar, escupir o aclararte la garganta no hace falta que tengas convulsiones intentando evitarlo. En lugar de eso, perm\u00edtete ocuparte y prestar atenci\u00f3n a esas peque\u00f1as distracciones de forma natural. De esa manera podr\u00e1s seguir adelante de forma c\u00f3moda.<\/p>\n<p style=\"text-align: justify;\">[\/vc_column_text][vc_column_text][\/vc_column_text][vc_btn title=\u00bbEmpieza a practicar con nuestro m\u00e9todo\u00bb color=\u00bborange\u00bb align=\u00bbcenter\u00bb i_type=\u00bblinecons\u00bb i_icon_linecons=\u00bbvc_li vc_li-bulb\u00bb button_block=\u00bbtrue\u00bb add_icon=\u00bbtrue\u00bb link=\u00bburl:https%3A%2F%2Fvimeo.com%2Fondemand%2Fintimindintroduccion|title:Intimind%20|target:%20_blank|\u00bb][\/vc_column][vc_column width=\u00bb1\/6&#8243;][\/vc_column][\/vc_row][vc_row][vc_column width=\u00bb1\/6&#8243;][\/vc_column][vc_column width=\u00bb2\/3&#8243;][vc_column_text][\/vc_column_text][vc_separator color=\u00bborange\u00bb style=\u00bbshadow\u00bb][vc_column_text][\/vc_column_text][vc_icon icon_fontawesome=\u00bbfa fa-upload\u00bb color=\u00bborange\u00bb size=\u00bbxl\u00bb align=\u00bbcenter\u00bb css_animation=\u00bbtop-to-bottom\u00bb][vc_custom_heading text=\u00bb3. Practica con las palmas de las manos hacia arriba en lugar de juntar los dedos.\u00bb font_container=\u00bbtag:h2|text_align:center\u00bb use_theme_fonts=\u00bbyes\u00bb][vc_column_text][\/vc_column_text][vc_separator color=\u00bborange\u00bb style=\u00bbshadow\u00bb][vc_column_text][\/vc_column_text][vc_column_text]<\/p>\n<p style=\"text-align: justify;\">La gran pregunta es qu\u00e9 hacer con las manos. Vemos en las im\u00e1genes a gente sentada con los dedos juntos. Bueno, pues en lugar de unir tu \u00edndice y tu pulgar intenta simplemente dejar las manos descansando en el regazo, con las palmas hacia arriba. Este gesto es suficiente para <strong>estar alerta<\/strong> sin tener que recordar constantemente que tus dedos tienen que estar toc\u00e1ndose.<\/p>\n<p>[\/vc_column_text][\/vc_column][vc_column width=\u00bb1\/6&#8243;][\/vc_column][\/vc_row][vc_row][vc_column width=\u00bb1\/6&#8243;][\/vc_column][vc_column width=\u00bb2\/3&#8243;][vc_column_text][\/vc_column_text][vc_separator color=\u00bborange\u00bb style=\u00bbshadow\u00bb][vc_column_text][\/vc_column_text][vc_icon icon_fontawesome=\u00bbfa fa-area-chart\u00bb color=\u00bborange\u00bb size=\u00bbxl\u00bb align=\u00bbcenter\u00bb css_animation=\u00bbtop-to-bottom\u00bb][vc_custom_heading text=\u00bb4. Si\u00e9ntate en una postura c\u00f3moda.\u00bb font_container=\u00bbtag:h2|text_align:center\u00bb use_theme_fonts=\u00bbyes\u00bb][vc_column_text][\/vc_column_text][vc_separator color=\u00bborange\u00bb style=\u00bbshadow\u00bb][vc_column_text][\/vc_column_text][vc_column_text]<\/p>\n<p style=\"text-align: justify;\">Hay un mont\u00f3n de taburetes y cojines de meditaci\u00f3n en el mercado. Elige la opci\u00f3n m\u00e1s confortable para ti. Antes de invertir en un taburete, intenta simplemente apilar unos cuantos cojines y construir una rutina. Pero si sentarte en el suelo te resulta pesado, date permiso para sentarte en una silla o incluso en un sof\u00e1. <strong>Ninguna regla dice que la meditaci\u00f3n s\u00f3lo es efectiva si se practica en el suelo. <\/strong>Volvemos al punto 2 para recomendarte una postura alerta porque no vas a dormir, vas a estar presente, consciente. Firme y en quietud como una monta\u00f1a pero con la comodidad suficiente, sin forzar posiciones que podr\u00edan incluso causarte alguna lesi\u00f3n.<\/p>\n<p>[\/vc_column_text][\/vc_column][vc_column width=\u00bb1\/6&#8243;][\/vc_column][\/vc_row][vc_row][vc_column width=\u00bb1\/6&#8243;][\/vc_column][vc_column width=\u00bb2\/3&#8243;][vc_column_text][\/vc_column_text][vc_separator color=\u00bborange\u00bb style=\u00bbshadow\u00bb][vc_column_text][\/vc_column_text][vc_icon icon_fontawesome=\u00bbfa fa-bell-slash-o\u00bb color=\u00bborange\u00bb size=\u00bbxl\u00bb align=\u00bbcenter\u00bb css_animation=\u00bbtop-to-bottom\u00bb][vc_custom_heading text=\u00bb5. \u00a1\u00a1\u00a1NO USES ALARMA!!!\u00bb font_container=\u00bbtag:h2|text_align:center\u00bb use_theme_fonts=\u00bbyes\u00bb][vc_column_text][\/vc_column_text][vc_separator color=\u00bborange\u00bb style=\u00bbshadow\u00bb][vc_column_text][\/vc_column_text][vc_column_text]<\/p>\n<p style=\"text-align: justify;\">Probablemente te est\u00e9s preguntando por qu\u00e9 este punto est\u00e1 escrito en may\u00fasculas, pensando que es innecesariamente alarmante. Esa es la idea, que salir de la meditaci\u00f3n con una alarma es <strong>innecesario<\/strong>. A medida que tu mente se vaya asentando en la \u00faltima mitad de la meditaci\u00f3n, en cuanto suene la alarma, el coraz\u00f3n se te saldr\u00e1 por la boca. Y eso no te har\u00e1 sentir bien. Evidentemente, necesitas poner un tiempo a tu sesi\u00f3n. Lo que te recomendamos es que busques un sonido suave, que te avise pero que no te altere. Muchas veces nos preguntan <strong>por qu\u00e9 no utilizamos campanas en intimind<\/strong> y la raz\u00f3n es esta. En el caso de nuestro m\u00e9todo, como las pr\u00e1cticas son guiadas, no hace ninguna falta una campana. La voz que te conduce en la meditaci\u00f3n, te avisa tambi\u00e9n del final, en el mismo tono y sin disrupciones.<\/p>\n<p>[\/vc_column_text][\/vc_column][vc_column width=\u00bb1\/6&#8243;][\/vc_column][\/vc_row][vc_row][vc_column width=\u00bb1\/6&#8243;][\/vc_column][vc_column width=\u00bb2\/3&#8243;][vc_column_text][\/vc_column_text][vc_separator color=\u00bborange\u00bb style=\u00bbshadow\u00bb][vc_column_text][\/vc_column_text][vc_icon icon_fontawesome=\u00bbfa fa-calendar\u00bb color=\u00bborange\u00bb size=\u00bbxl\u00bb align=\u00bbcenter\u00bb css_animation=\u00bbtop-to-bottom\u00bb][vc_custom_heading text=\u00bb6. Lleva un registro\u00bb font_container=\u00bbtag:h2|text_align:center\u00bb use_theme_fonts=\u00bbyes\u00bb][vc_column_text][\/vc_column_text][vc_separator color=\u00bborange\u00bb style=\u00bbshadow\u00bb][vc_column_text][\/vc_column_text][vc_column_text]<\/p>\n<p style=\"text-align: justify;\">Cuanto m\u00e1s a menudo practiques, m\u00e1s cerca estar\u00e1s de que la meditaci\u00f3n se convierta en un h\u00e1bito. Como truco psicol\u00f3gico, puedes poner una \u00abx\u00bb en el calendario despu\u00e9s de cumplir con tu compromiso diario. Eso te motivar\u00e1 a seguir adelante, especialmente en los d\u00edas en que la \u00faltima cosa que quieres hacer es sentarte a meditar. Mant\u00e9n tus <strong>metas peque\u00f1as y alcanzables<\/strong>. Empieza con el objetivo de meditar <strong>todos los d\u00edas durante al menos 10 minutos durante siete d\u00edas seguidos.<\/strong> En cuanto cumplas tu objetivo, aumenta el tiempo de meditaci\u00f3n a partir de ah\u00ed.<\/p>\n<p>[\/vc_column_text][\/vc_column][vc_column width=\u00bb1\/6&#8243;][\/vc_column][\/vc_row][vc_row][vc_column width=\u00bb1\/6&#8243;][\/vc_column][vc_column width=\u00bb2\/3&#8243;][vc_column_text][\/vc_column_text][vc_separator color=\u00bborange\u00bb style=\u00bbshadow\u00bb][vc_column_text][\/vc_column_text][vc_icon icon_fontawesome=\u00bbfa fa-database\u00bb color=\u00bborange\u00bb size=\u00bbxl\u00bb align=\u00bbcenter\u00bb css_animation=\u00bbtop-to-bottom\u00bb][vc_custom_heading text=\u00bb7. M\u00e1s vale cantidad que calidad\u00bb font_container=\u00bbtag:h2|text_align:center\u00bb use_theme_fonts=\u00bbyes\u00bb][vc_column_text][\/vc_column_text][vc_separator color=\u00bborange\u00bb style=\u00bbshadow\u00bb][vc_column_text][\/vc_column_text][vc_column_text]<\/p>\n<p style=\"text-align: justify;\"><span style=\"line-height: 1.5;\">No, no es un error tipogr\u00e1fico. Cuando se trata de meditar, el dicho de \u00abm\u00e1s vale calidad que cantidad \u00bb no se aplica. Es m\u00e1s bien todo lo contrario. Deber\u00edas practicar despreocup\u00e1ndote por completo de la calidad de tus meditaciones, y en lugar de eso, luchar por la cantidad. En otras palabras, ser lo m\u00e1s coherente posible. <strong>Medita diariamente<\/strong>, sin falta, siempre que puedas. Descubrir\u00e1s que <strong>la calidad de tus experiencias internas solo mejora en funci\u00f3n de la cantidad<\/strong> o del n\u00famero de veces que te sientas. <\/span><\/p>\n<p>[\/vc_column_text][vc_column_text]<\/p>\n<ul>\n<li><a href=\"http:\/\/Light Watkins\">Light Watkins<\/a> es profesor de meditaci\u00f3n V\u00e9dica.<\/li>\n<\/ul>\n<p>[\/vc_column_text][vc_video link=\u00bbhttps:\/\/www.youtube.com\/watch?v=64bWMVSX_ng\u00bb][vc_column_text]<\/p>\n<p style=\"text-align: justify;\">\u00bfQu\u00e9 te parecen estos consejos? \u00bfTienes t\u00fa alguno que te haya servido especialmente para asentar tu pr\u00e1ctica? Si es as\u00ed, te agradecemos que lo compartas. Seguro que es \u00fatil y de ayuda para alguien.<\/p>\n<p>[\/vc_column_text][\/vc_column][vc_column width=\u00bb1\/6&#8243;][\/vc_column][\/vc_row]<\/p>\n","protected":false},"excerpt":{"rendered":"<p>[vc_row][vc_column][\/vc_column][\/vc_row][vc_row][vc_column width=\u00bb1\/6&#8243;][\/vc_column][vc_column width=\u00bb2\/3&#8243;][vc_custom_heading text=\u00bb\u00bfHas decidido aprender a meditar y convertir esta pr\u00e1ctica en una rutina diaria? \u00a1Genial! La meditaci\u00f3n diaria tiene m\u00faltiples beneficios aunque puede ser complicado empezar. Si eres nuevo\/a en esto de meditar no te pierdas esta lista de consejos procedentes de Light Watkins*, profesor de meditaci\u00f3n. Estas son sus mejores estrategias para [&hellip;]<\/p>\n","protected":false},"author":2,"featured_media":416,"comment_status":"open","ping_status":"open","sticky":false,"template":"","format":"standard","meta":[],"categories":[27,15],"tags":[73,72,31,12,74,30,28],"_links":{"self":[{"href":"https:\/\/intimind.es\/home\/wp-json\/wp\/v2\/posts\/389"}],"collection":[{"href":"https:\/\/intimind.es\/home\/wp-json\/wp\/v2\/posts"}],"about":[{"href":"https:\/\/intimind.es\/home\/wp-json\/wp\/v2\/types\/post"}],"author":[{"embeddable":true,"href":"https:\/\/intimind.es\/home\/wp-json\/wp\/v2\/users\/2"}],"replies":[{"embeddable":true,"href":"https:\/\/intimind.es\/home\/wp-json\/wp\/v2\/comments?post=389"}],"version-history":[{"count":43,"href":"https:\/\/intimind.es\/home\/wp-json\/wp\/v2\/posts\/389\/revisions"}],"predecessor-version":[{"id":4318,"href":"https:\/\/intimind.es\/home\/wp-json\/wp\/v2\/posts\/389\/revisions\/4318"}],"wp:featuredmedia":[{"embeddable":true,"href":"https:\/\/intimind.es\/home\/wp-json\/wp\/v2\/media\/416"}],"wp:attachment":[{"href":"https:\/\/intimind.es\/home\/wp-json\/wp\/v2\/media?parent=389"}],"wp:term":[{"taxonomy":"category","embeddable":true,"href":"https:\/\/intimind.es\/home\/wp-json\/wp\/v2\/categories?post=389"},{"taxonomy":"post_tag","embeddable":true,"href":"https:\/\/intimind.es\/home\/wp-json\/wp\/v2\/tags?post=389"}],"curies":[{"name":"wp","href":"https:\/\/api.w.org\/{rel}","templated":true}]}}