{"id":1912,"date":"2018-07-22T12:01:30","date_gmt":"2018-07-22T10:01:30","guid":{"rendered":"https:\/\/intimind.es\/?p=1912"},"modified":"2018-11-29T12:58:59","modified_gmt":"2018-11-29T11:58:59","slug":"mindfulness-intimind-en-verano","status":"publish","type":"post","link":"https:\/\/intimind.es\/home\/mindfulness-intimind-en-verano\/","title":{"rendered":"MINDFULNESS INTIMIND EN VERANO"},"content":{"rendered":"<p>[vc_row][vc_column width=\u00bb1\/6&#8243;][\/vc_column][vc_column width=\u00bb2\/3&#8243;][vc_empty_space height=\u00bb62px\u00bb][vc_column_text]<\/p>\n<h2 style=\"text-align: justify;\">Llega el <span style=\"color: #ff9900;\">verano<\/span> y probablemente podr\u00e9is disfrutar de unos d\u00edas de descanso, tal vez en la playa, en la monta\u00f1a o visitando alg\u00fan pa\u00eds lejano. Es el momento de separar la vista de las pantallas del ordenador, las tablets o los m\u00f3viles y conectar de manera directa con la realidad.<\/h2>\n<h2 style=\"text-align: justify;\"><span style=\"color: #ff9900;\">Se acaban las prisas<\/span> por unos d\u00edas. Es tiempo de paseos, ba\u00f1os, siestas, lecturas tranquilas, etc. Toda una serie de experiencias que se convierten en una gran oportunidad para <span style=\"color: #ff9900;\">practicar Mindfulness.<\/span><\/h2>\n<h2 style=\"text-align: center;\">Te damos algunas <span style=\"color: #ff9900;\">ideas<\/span>.<\/h2>\n<p>[\/vc_column_text][\/vc_column][vc_column width=\u00bb1\/6&#8243;][\/vc_column][\/vc_row][vc_row][vc_column][vc_separator color=\u00bborange\u00bb style=\u00bbshadow\u00bb][vc_btn title=\u00bbDESCARGA GRATIS INTIMIND\u00bb color=\u00bborange\u00bb size=\u00bblg\u00bb align=\u00bbcenter\u00bb button_block=\u00bbtrue\u00bb link=\u00bburl:http%3A%2F%2Fonelink.to%2Fjtphrb|title:Intimind%20descarga%20gratis|target:%20_blank|\u00bb][vc_column_text][\/vc_column_text][\/vc_column][\/vc_row][vc_row][vc_column width=\u00bb1\/6&#8243;][\/vc_column][vc_column width=\u00bb2\/3&#8243;][vc_separator color=\u00bborange\u00bb style=\u00bbshadow\u00bb][vc_icon icon_fontawesome=\u00bbfa fa-child\u00bb color=\u00bbcustom\u00bb size=\u00bbxl\u00bb align=\u00bbcenter\u00bb css_animation=\u00bbappear\u00bb custom_color=\u00bb#ef8036&#8243;][vc_custom_heading text=\u00bbMindfulness al despertar\u00bb font_container=\u00bbtag:h2|text_align:center\u00bb use_theme_fonts=\u00bbyes\u00bb][vc_separator color=\u00bborange\u00bb style=\u00bbshadow\u00bb][vc_column_text]<\/p>\n<p style=\"text-align: justify;\">Lo m\u00e1s probable es que a lo largo del a\u00f1o te levantes de la cama de un salto y te pongas en marcha mientras repasas mentalmente lo que tienes por delante ese d\u00eda o conectas con alg\u00fan asunto del d\u00eda anterior.<\/p>\n<p style=\"text-align: justify;\">Seguramente no prestas mucha atenci\u00f3n al hecho de abrir los ojos en un nuevo d\u00eda, ni tampoco al momento de prepararte el desayuno o ir a la ducha. Activas de buena ma\u00f1ana el piloto autom\u00e1tico y puede que sigas funcionando as\u00ed el resto de la jornada.<\/p>\n<p style=\"text-align: justify;\">Para este verano te sugerimos que<strong> arranques el d\u00eda de manera distinta<\/strong>, siendo consciente de tu despertar, \u00a0como si de una pel\u00edcula a c\u00e1mara lenta se tratara.<\/p>\n<p>[\/vc_column_text][vc_row_inner][vc_column_inner][vc_masonry_media_grid element_width=\u00bb6&#8243; gap=\u00bb20&#8243; grid_id=\u00bbvc_gid:1543492254634-26cb977d-89ae-1&#8243; include=\u00bb1950,1949&#8243;][\/vc_column_inner][\/vc_row_inner][vc_row_inner][vc_column_inner width=\u00bb1\/2&#8243;][vc_column_text]. Cuando <strong>abras los ojos<\/strong> respira profundamente varias veces, poniendo tu atenci\u00f3n en el ciclo completo de la respiraci\u00f3n.<\/p>\n<p>. Mientras respiras, <strong>siente tu cuerpo<\/strong> y se consciente de la oportunidad de vivir un nuevo d\u00eda.<\/p>\n<p>. Si aparecen pensamientos que te distraen de esa experiencia, simplemente date cuenta de ellos y <strong>d\u00e9jalos pasar<\/strong>.[\/vc_column_text][\/vc_column_inner][vc_column_inner width=\u00bb1\/2&#8243;][vc_column_text]. <strong>T\u00f3mate tu tiempo<\/strong> antes de salir de la cama y cuando lo hagas sigue conectado a tu experiencia sensorial.<\/p>\n<p>. Presta atenci\u00f3n a lo que haces cuando preparas <strong>tu desayuno<\/strong>. Conecta con los olores, los colores, los sabores\u2026 Aunque los pensamientos vendr\u00e1n, ap\u00f3yate en tu respiraci\u00f3n y vuelve a la experiencia. Alarga este momento tanto como puedas y no te olvides que a lo largo del d\u00eda habr\u00e1 muchas otras oportunidades para estar totalmente presente en aquello que hagas. Por ejemplo, <strong>dar un paseo por la playa o la monta\u00f1a<\/strong>.[\/vc_column_text][\/vc_column_inner][\/vc_row_inner][vc_separator color=\u00bborange\u00bb style=\u00bbshadow\u00bb][vc_icon icon_fontawesome=\u00bbfa fa-map-signs\u00bb color=\u00bbcustom\u00bb size=\u00bbxl\u00bb align=\u00bbcenter\u00bb css_animation=\u00bbtop-to-bottom\u00bb custom_color=\u00bb#ef8036&#8243;][vc_custom_heading text=\u00bbPaseo consciente por la playa o por la monta\u00f1a\u00bb font_container=\u00bbtag:h2|text_align:center\u00bb use_theme_fonts=\u00bbyes\u00bb][vc_separator color=\u00bborange\u00bb style=\u00bbshadow\u00bb][vc_column_text]<\/p>\n<p style=\"text-align: justify;\"><strong><a href=\"https:\/\/intimind.es\/como-practicar-meditacion-caminando\/\">Hay muchas maneras de andar<\/a>,<\/strong> aunque las podemos resumir b\u00e1sicamente en dos: Una, con el piloto autom\u00e1tico puesto, mirada enfocada al suelo, atenci\u00f3n introspectiva en los pensamientos y desconexi\u00f3n con el acto de andar. Otra, siendo consciente de tus movimientos, de lo que ves, de lo que oyes, de lo que hueles, d\u00e1ndote cuenta de los pensamientos que emergen y decidiendo si los atiendes o no en ese momento. Este verano te proponemos que practiques esta segunda opci\u00f3n. Te sugerimos que aproveches tus paseos para ejercitar el m\u00fasculo de la atenci\u00f3n plena.<\/p>\n<p style=\"text-align: justify;\"><strong>Elige un momento para pasear<\/strong>, si es posible, por la playa o por la monta\u00f1a. Si decides que sea en compa\u00f1\u00eda, tendr\u00e1s que comprometerte a que sea en silencio. Intenta seguir la siguiente secuencia:<\/p>\n<p class=\"western\" style=\"text-align: justify;\"><span lang=\"es-ES\">\u00a0<\/span><\/p>\n<p>[\/vc_column_text][vc_single_image image=\u00bb1951&#8243; img_size=\u00bbfull\u00bb alignment=\u00bbcenter\u00bb][\/vc_column][vc_column width=\u00bb1\/6&#8243;][\/vc_column][\/vc_row][vc_row el_id=\u00bbpaseoconsciente\u00bb][vc_column width=\u00bb1\/2&#8243;][vc_icon icon_fontawesome=\u00bbfa fa-caret-square-o-right\u00bb color=\u00bbmulled_wine\u00bb background_style=\u00bbrounded-outline\u00bb size=\u00bblg\u00bb align=\u00bbcenter\u00bb css_animation=\u00bbleft-to-right\u00bb][vc_custom_heading text=\u00bb1.- Camina a un ritmo natural\u00bb font_container=\u00bbtag:h3|text_align:center\u00bb use_theme_fonts=\u00bbyes\u00bb][vc_column_text]Coloca tus manos donde est\u00e9n c\u00f3modas. Para empezar a centrarte puedes contar los pasos hasta 10 y luego volver a comenzar. Con cada paso, presta atenci\u00f3n al momento en que se levanta cada pie y luego vuelve a apoyarse al suelo.[\/vc_column_text][\/vc_column][vc_column width=\u00bb1\/2&#8243;][vc_icon icon_fontawesome=\u00bbfa fa-check-circle-o\u00bb color=\u00bbmulled_wine\u00bb background_style=\u00bbrounded-outline\u00bb size=\u00bblg\u00bb align=\u00bbcenter\u00bb css_animation=\u00bbright-to-left\u00bb][vc_custom_heading text=\u00bb2.-Observa el movimiento en tus piernas y el resto del cuerpo\u00bb font_container=\u00bbtag:h3|text_align:center\u00bb use_theme_fonts=\u00bbyes\u00bb][vc_column_text]<\/p>\n<p style=\"text-align: justify;\">Si cualquier otra cosa capta tu atenci\u00f3n, vuelve amablemente a sentir c\u00f3mo caminas. Tu mente vagar\u00e1 de un lado a otro, as\u00ed que, sin frustraci\u00f3n y con amabilidad vuelve a la sensaci\u00f3n del caminar tantas veces como necesites.<\/p>\n<p>[\/vc_column_text][\/vc_column][\/vc_row][vc_row full_width=\u00bbstretch_row\u00bb css=\u00bb.vc_custom_1457534923564{background-color: #f7f7f7 !important;}\u00bb][vc_column width=\u00bb1\/6&#8243;][\/vc_column][vc_column width=\u00bb2\/3&#8243;][vc_icon icon_fontawesome=\u00bbfa fa-volume-up\u00bb color=\u00bbmulled_wine\u00bb background_style=\u00bbrounded-outline\u00bb size=\u00bblg\u00bb align=\u00bbcenter\u00bb css_animation=\u00bbright-to-left\u00bb][vc_custom_heading text=\u00bb3.- Durante unos minutos, ampl\u00eda tu atenci\u00f3n a los sonidos\u00bb font_container=\u00bbtag:h3|text_align:center\u00bb use_theme_fonts=\u00bbyes\u00bb][vc_column_text]<\/p>\n<p style=\"text-align: justify;\"><span lang=\"ES\">Presta atenci\u00f3n a los sonidos, sin etiquetarlos o nombrarlos; simplemente d\u00e9jate atrapar por ellos, tanto si los encuentras agradables como desagradables. Aparecer\u00e1n tambi\u00e9n pensamientos, date cuenta de ellos e incl\u00fayelos en tu proceso de atenci\u00f3n como simples \u201csonidos de tu mente\u201d. <\/span><\/p>\n<p>[\/vc_column_text][\/vc_column][vc_column width=\u00bb1\/6&#8243;][\/vc_column][\/vc_row][vc_row][vc_column width=\u00bb1\/2&#8243;][vc_icon icon_fontawesome=\u00bbfa fa-flask\u00bb color=\u00bbmulled_wine\u00bb background_style=\u00bbrounded-outline\u00bb size=\u00bblg\u00bb align=\u00bbcenter\u00bb css_animation=\u00bbleft-to-right\u00bb][vc_custom_heading text=\u00bb4.- Cambia despu\u00e9s tu conciencia al sentido del olfato\u00bb font_container=\u00bbtag:h3|text_align:center\u00bb use_theme_fonts=\u00bbyes\u00bb][vc_column_text]<\/p>\n<p class=\"normal\" style=\"text-align: justify;\">Presta atenci\u00f3n a los olores. No hace falta que te fuerces a sentir nada en absoluto, solo presta atenci\u00f3n al sentido del olfato, descubras lo que descubras. Evita hacer juicios acerca de si te gusta o no lo que est\u00e1s percibiendo, \u00fanicamente perc\u00edbelo.<\/p>\n<p>[\/vc_column_text][\/vc_column][vc_column width=\u00bb1\/2&#8243;][vc_icon icon_fontawesome=\u00bbfa fa-eye\u00bb color=\u00bbmulled_wine\u00bb background_style=\u00bbrounded-outline\u00bb size=\u00bblg\u00bb align=\u00bbcenter\u00bb css_animation=\u00bbright-to-left\u00bb][vc_custom_heading text=\u00bb5.- Mira a tu alrededor\u00bb font_container=\u00bbtag:h3|text_align:center\u00bb use_theme_fonts=\u00bbyes\u00bb][vc_column_text]<\/p>\n<p style=\"text-align: justify;\">Colores, objetos, personas y cualquier otra cosa que veas. Pacientemente, si tu atenci\u00f3n se dispersa a otra cosa que no es tu mirada, regresa tu atenci\u00f3n a lo que ves. Mantente despierto\/a con una conciencia sostenida de lo que te rodea, est\u00e9s donde est\u00e9s. Nada que hacer, nada que arreglar, nada que cambiar. Completamente consciente caminando y observando lo que hay a tu alrededor<\/p>\n<p>[\/vc_column_text][\/vc_column][\/vc_row][vc_row full_width=\u00bbstretch_row\u00bb css=\u00bb.vc_custom_1457534923564{background-color: #f7f7f7 !important;}\u00bb][vc_column width=\u00bb1\/6&#8243;][\/vc_column][vc_column width=\u00bb2\/3&#8243;][vc_icon icon_fontawesome=\u00bbfa fa-caret-square-o-right\u00bb color=\u00bbmulled_wine\u00bb background_style=\u00bbrounded-outline\u00bb size=\u00bblg\u00bb align=\u00bbcenter\u00bb css_animation=\u00bbleft-to-right\u00bb][vc_custom_heading text=\u00bb6.- Vuelve por \u00faltimo a la conciencia de las sensaciones f\u00edsicas de caminar\u00bb font_container=\u00bbtag:h3|text_align:center\u00bb use_theme_fonts=\u00bbyes\u00bb][vc_column_text]<\/p>\n<p class=\"normal\" style=\"text-align: justify;\">Observa de nuevo el contacto de tus pies con el suelo y los movimientos de tu cuerpo al andar.<\/p>\n<p class=\"normal\" style=\"text-align: justify;\">Cuando quieras finalizar la meditaci\u00f3n, para, qu\u00e9date quieto o quieta y piensa por un momento en c\u00f3mo puedes llevar este tipo de conciencia al resto del d\u00eda <strong>\u00bfCrees que este estado de conciencia te ser\u00eda \u00fatil tambi\u00e9n a la hora de hacer deporte?<\/strong><\/p>\n<p style=\"text-align: justify;\"><span lang=\"ES\">\u00a0<\/span><\/p>\n<p>[\/vc_column_text][\/vc_column][vc_column width=\u00bb1\/6&#8243;][\/vc_column][\/vc_row][vc_row][vc_column width=\u00bb1\/6&#8243;][\/vc_column][vc_column width=\u00bb2\/3&#8243;][vc_separator color=\u00bborange\u00bb style=\u00bbshadow\u00bb][vc_icon type=\u00bbtypicons\u00bb icon_typicons=\u00bbtypcn typcn-info-outline\u00bb color=\u00bbcustom\u00bb size=\u00bbxl\u00bb align=\u00bbcenter\u00bb css_animation=\u00bbtop-to-bottom\u00bb custom_color=\u00bb#ef8036&#8243;][vc_custom_heading text=\u00bbHacer deporte conscientemente\u00bb font_container=\u00bbtag:h2|text_align:center\u00bb use_theme_fonts=\u00bbyes\u00bb][vc_separator color=\u00bborange\u00bb style=\u00bbshadow\u00bb][vc_column_text]<\/p>\n<p style=\"text-align: justify;\">Si decides hacer deporte este verano, sin duda este es tambi\u00e9n un buen momento para practicar Mindfulness. Como sostiene,\u00a0<strong>Sakyong Mipham<\/strong>, un lama budista con nueve maratones a sus espaldas, \u201c<em>El ejercicio puede servir de soporte para la meditaci\u00f3n y la meditaci\u00f3n puede servir de soporte para el ejercicio<\/em>\u201d.<\/p>\n<p style=\"text-align: justify;\"><strong><a href=\"https:\/\/intimind.es\/3-formas-sencillas-de-meditar-mientras-corres\/\">Vamos a usar como ejemplo el running<\/a><\/strong>, no obstante, si lo consideras oportuno, puedes adaptar las sugerencias que te proponemos a cualquier deporte que hagas.<\/p>\n<p style=\"text-align: justify;\">Salgas a correr, a nadar o a ir en bicicleta, es probable que al poco tiempo de iniciar la marcha est\u00e9s pensando en lo que tienes que hacer despu\u00e9s, en algo que te ocurri\u00f3 ayer o en lo que vas a cenar. Los est\u00edmulos exteriores son constantes y tu cabeza tender\u00e1 a saltar de un pensamiento a otro. Nuestra recomendaci\u00f3n es que <strong>no luches contra esos pensamientos, sino que vuelvas de forma amable al momento presente y a la armon\u00eda de tus movimientos.<\/strong> El ejercicio b\u00e1sico,\u00a0la esencia del mindfulness es darse cuenta, <strong>ser consciente<\/strong>.<\/p>\n<p style=\"text-align: justify;\">Una manera de superar una mente dispersa o desenfocada mientras se est\u00e1 haciendo deporte es\u00a0sintonizar con la <strong>respiraci\u00f3n.<\/strong>\u00a0Conectar con ella ejerce el mismo efecto para tu atenci\u00f3n que echar un ancla. Esto significa simplemente ser m\u00e1s consciente de tu patr\u00f3n de respiraci\u00f3n. Observar c\u00f3mo es cada inspiraci\u00f3n y cada espiraci\u00f3n, si duran un paso o dos.<\/p>\n<p>[\/vc_column_text][vc_single_image image=\u00bb1952&#8243; img_size=\u00bbfull\u00bb alignment=\u00bbcenter\u00bb][vc_column_text]<\/p>\n<p style=\"text-align: justify;\">Cuando corres tambi\u00e9n es \u00fatil elegir <strong>un lugar en la distancia como un punto de anclaje para la mirada<\/strong>. Mirar alrededor o hacia abajo puede contribuir a la dispersi\u00f3n mental, pero si miras recto, hacia delante, aumentan las posibilidades de fluir en la experiencia.<\/p>\n<p style=\"text-align: justify;\">Y recuerda, cuando te desenfoques, vuelve a poner toda tu atenci\u00f3n en la respiraci\u00f3n, en el cuerpo, en lo que te rodea, en lo que est\u00e1s haciendo, en definitiva, en el momento presente. Son anclas a las que puedes volver amablemente cada vez que tu mente se va.<\/p>\n<p style=\"text-align: justify;\"><strong>Si eres de los que hace deporte incluso en verano, seguro que te puedes permitir el lujo de comerte unos cuantos helados. Te sugerimos que lo hagas tambi\u00e9n de forma consciente<\/strong><\/p>\n<p class=\"western\" style=\"text-align: justify;\"><span lang=\"es-ES\">\u00a0<\/span><\/p>\n<p>[\/vc_column_text][vc_column_text][\/vc_column_text][vc_separator color=\u00bborange\u00bb style=\u00bbshadow\u00bb][vc_icon icon_fontawesome=\u00bbfa fa-cutlery\u00bb color=\u00bbcustom\u00bb size=\u00bbxl\u00bb align=\u00bbcenter\u00bb css_animation=\u00bbtop-to-bottom\u00bb custom_color=\u00bb#ef8036&#8243;][vc_custom_heading text=\u00bbComer un helado con atenci\u00f3n plena\u00bb font_container=\u00bbtag:h2|text_align:center\u00bb use_theme_fonts=\u00bbyes\u00bb][vc_separator color=\u00bborange\u00bb style=\u00bbshadow\u00bb][vc_column_text]<\/p>\n<p style=\"text-align: justify;\">Sin duda, disfrutar de un helado es otro de los <strong>placeres del verano<\/strong> y se convierte adem\u00e1s en un momento perfecto para hacer una pr\u00e1ctica de <a href=\"https:\/\/intimind.es\/mindful-eating-alimentarse-de-forma-consciente\/\"><strong>alimentaci\u00f3n consciente<\/strong>.<\/a><br \/>\nTe proponemos que empieces el proceso de atenci\u00f3n plena incluso antes de degustarlo, justo en el momento de comprarlo. F\u00edjate por unos instantes en la variedad de <strong>colores y de texturas<\/strong> de la vitrina de los helados. Trata de notar incluso la temperatura que emana del mostrador. S\u00e9 consciente despu\u00e9s del proceso mental que llevas a cabo para decidirte por uno de esos sabores: \u00bfCu\u00e1les son tus criterios? \u00bfTe atreves a innovar o vuelves a los sabores de siempre? \u00bfTomas r\u00e1pido la decisi\u00f3n o vas cambiando de una opci\u00f3n a otra? Cuando te hayas decidido y tengas el helado en tus manos sigue esta secuencia:<\/p>\n<p class=\"western\" style=\"text-align: justify;\"><span lang=\"es-ES\">\u00a0<\/span><\/p>\n<p>[\/vc_column_text][vc_single_image image=\u00bb1953&#8243; img_size=\u00bbfull\u00bb alignment=\u00bbcenter\u00bb][vc_row_inner][vc_column_inner width=\u00bb1\/2&#8243;][vc_column_text]<\/p>\n<p style=\"text-align: justify;\">&#8211; <strong>M\u00edralo<\/strong>, obs\u00e9rvalo con detalle, con curiosidad, como si fuese <strong>la primera vez<\/strong> que tienes un helado en tus manos. Observa sus colores, su forma, el aspecto de su textura, sus diferentes partes,\u2026<br \/>\n&#8211; Ac\u00e9rcalo despu\u00e9s a tu nariz para apreciar su <strong>aroma<\/strong>.<\/p>\n<p>[\/vc_column_text][\/vc_column_inner][vc_column_inner width=\u00bb1\/2&#8243;][vc_column_text]<\/p>\n<p style=\"text-align: justify;\">&#8211; Da el primer bocado siendo totalmente consciente de las <strong>sensaciones<\/strong> que aparecen en tu boca: el cambio de temperatura que experimentas, el sabor, la textura\u2026.<strong>Ralentiza<\/strong> el proceso todo lo que puedas antes de tragar.<br \/>\n&#8211; S\u00e9 consciente incluso del momento en que el helado pasa por <strong>tu garganta hasta llegar a tu est\u00f3mago<\/strong>.<\/p>\n<p>[\/vc_column_text][\/vc_column_inner][\/vc_row_inner][vc_column_text][\/vc_column_text][\/vc_column][vc_column width=\u00bb1\/6&#8243;][\/vc_column][\/vc_row][vc_row][vc_column][vc_separator color=\u00bborange\u00bb style=\u00bbshadow\u00bb][vc_btn title=\u00bbDESCARGA GRATIS INTIMIND\u00bb color=\u00bborange\u00bb size=\u00bblg\u00bb align=\u00bbcenter\u00bb button_block=\u00bbtrue\u00bb link=\u00bburl:http%3A%2F%2Fonelink.to%2Fjtphrb|title:Intimind%20descarga%20gratis|target:%20_blank|\u00bb][vc_column_text][\/vc_column_text][\/vc_column][\/vc_row][vc_row full_width=\u00bbstretch_row\u00bb css=\u00bb.vc_custom_1532255675555{background-color: #ffffff !important;}\u00bb][vc_column width=\u00bb1\/6&#8243;][\/vc_column][vc_column width=\u00bb2\/3&#8243;][vc_separator color=\u00bborange\u00bb style=\u00bbshadow\u00bb][vc_icon icon_fontawesome=\u00bbfa fa-battery-empty\u00bb color=\u00bbcustom\u00bb size=\u00bbxl\u00bb align=\u00bbcenter\u00bb css_animation=\u00bbtop-to-bottom\u00bb custom_color=\u00bb#ef8036&#8243;][vc_custom_heading text=\u00bbSiesta y meditaci\u00f3n\u00bb font_container=\u00bbtag:h2|text_align:center\u00bb use_theme_fonts=\u00bbyes\u00bb][vc_separator color=\u00bborange\u00bb style=\u00bbshadow\u00bb][vc_column_text]<\/p>\n<p style=\"text-align: justify;\">Los minutos previos a la siesta tambi\u00e9n pueden ser fant\u00e1sticos para practicar mindfulness. Puedes aprovechar ese momento para llevar a cabo la <strong>meditaci\u00f3n del esc\u00e1ner corporal<\/strong>. Te explicamos c\u00f3mo:<\/p>\n<p>[\/vc_column_text][vc_row_inner][vc_column_inner width=\u00bb1\/2&#8243;][vc_column_text]<\/p>\n<p style=\"text-align: justify;\">&#8211; <strong>T\u00fambate<\/strong> boca arriba.<br \/>\n&#8211; Separa ligeramente las <strong>piernas<\/strong> y deja que los <strong>pies descansen<\/strong>.<br \/>\n&#8211; Los <strong>brazos<\/strong> est\u00e1n <strong>separados<\/strong> ligeramente del cuerpo con las palmas de las manos mirando hacia arriba.<br \/>\n&#8211; Lleva toda tu atenci\u00f3n al movimiento de la <strong>respiraci\u00f3n<\/strong> en la zona <strong>abdominal<\/strong>.<br \/>\n&#8211; Dirige despu\u00e9s tu atenci\u00f3n hacia las <strong>sensaciones f\u00edsicas del cuerpo<\/strong>, especialmente las sensaciones t\u00e1ctiles o de presi\u00f3n, all\u00e1 donde el cuerpo entra en contacto con el suelo o con la cama.<\/p>\n<p>[\/vc_column_text][\/vc_column_inner][vc_column_inner width=\u00bb1\/2&#8243;][vc_column_text]<\/p>\n<p style=\"text-align: justify;\">&#8211; Contin\u00faa concentrando tu <strong>atenci\u00f3n en cada parte de tu cuerpo<\/strong>: tus pies, tobillos, piernas, cadera, espalda, tronco, hombros, cuello, cabeza, cara. \u00c1brete con curiosidad a las sensaciones que percibes en cada una de esas partes, <strong>sin prisa<\/strong>, tom\u00e1ndote un tiempo para explorar cada parte con detalle.<br \/>\n&#8211; Una vez hayas finalizado la exploraci\u00f3n de esta manera, expande tu atenci\u00f3n al cuerpo en su <strong>totalidad<\/strong>.<\/p>\n<p>[\/vc_column_text][\/vc_column_inner][\/vc_row_inner][vc_single_image image=\u00bb1954&#8243; img_size=\u00bbfull\u00bb alignment=\u00bbcenter\u00bb][vc_column_text]<\/p>\n<p style=\"text-align: justify;\"><strong>La meditaci\u00f3n no est\u00e1 concebida para dormir sino para \u201cdespertar\u201d<\/strong>, pero es muy probable que con esta pr\u00e1ctica del esc\u00e1ner corporal en el momento previo a la siesta caigas en un profundo sue\u00f1o. En cualquier caso, habr\u00e1s podido dedicar unos minutos a entrar en contacto con tu cuerpo y eso ya es m\u00e1s de lo que probablemente har\u00e1s el resto del a\u00f1o.<\/p>\n<p style=\"text-align: justify;\"><strong>En verano tambi\u00e9n solemos disponer de m\u00e1s tiempo para las relaciones sociales, as\u00ed que la siguiente propuesta tiene que ver con practicar nuestra capacidad de escuchar atentamente<\/strong>.<\/p>\n<p>[\/vc_column_text][\/vc_column][vc_column width=\u00bb1\/6&#8243;][\/vc_column][\/vc_row][vc_row full_width=\u00bbstretch_row\u00bb css=\u00bb.vc_custom_1457352033237{padding-top: 50px !important;padding-bottom: 50px !important;background-color: #f7f7f7 !important;}\u00bb][vc_column width=\u00bb1\/2&#8243;][vc_single_image image=\u00bb1955&#8243; img_size=\u00bbfull\u00bb alignment=\u00bbcenter\u00bb][\/vc_column][vc_column width=\u00bb1\/2&#8243;][vc_separator color=\u00bborange\u00bb style=\u00bbshadow\u00bb][vc_icon icon_fontawesome=\u00bbfa fa-users\u00bb color=\u00bbmulled_wine\u00bb background_style=\u00bbrounded-outline\u00bb size=\u00bblg\u00bb align=\u00bbcenter\u00bb css_animation=\u00bbright-to-left\u00bb][vc_custom_heading text=\u00bbConversar atentamente con tus amigos\u00bb font_container=\u00bbtag:h2|text_align:center\u00bb use_theme_fonts=\u00bbyes\u00bb][vc_separator color=\u00bborange\u00bb style=\u00bbshadow\u00bb][vc_column_text]<\/p>\n<p style=\"text-align: justify;\">A veces, cuando pasas un rato con amigos, es dif\u00edcil no distraerte pensando en todas las cosas que tienes que hacer despu\u00e9s o en los numerosos asuntos que llevas entre manos. El ritmo acelerado del invierno y la cantidad de frentes que tenemos abiertos pueden servirnos para justificar este comportamiento. No obstante, el verano puede ser un buen momento para practicar una <strong>escucha atenta.<\/strong> En verano, ya no hay excusas.<br \/>\nComo explica<strong> Chade-Meng Tan<\/strong> en su libro \u201cBusca en tu interior\u201d, un modo maravillo de practicar la atenci\u00f3n plena es dirigirla hacia los dem\u00e1s, pensando en su beneficio. Esta es su propuesta para practicar la escucha atenta:<br \/>\n\u201c<em>Cuando est\u00e9 habl\u00e1ndote un amigo o un ser querido, adopta una actitud generosa y ofr\u00e9cele el regalo de tu atenci\u00f3n plena y de tu tiempo. Recuerda que como esa persona es importante para ti, se merece toda tu atenci\u00f3n, as\u00ed como el espacio y el tiempo para expresarse. Cuando te hable, pr\u00e9stale toda tu atenci\u00f3n. Si te distraes, vuelve a centrar tu atenci\u00f3n con suavidad en \u00e9l o en ella, como si fuese un objeto de meditaci\u00f3n\u2026.<\/em>\u201d.<br \/>\nEl maestro zen <strong>Thich Nhat Hanh<\/strong> a\u00f1ade: \u201c<em>El regalo m\u00e1s precioso que podemos ofrecer a los dem\u00e1s es nuestra presencia. Cuando la atenci\u00f3n plena abraza a nuestros seres queridos, florecen como \u00e1rboles en primavera<\/em>\u201d.<br \/>\nSeguro que las personas con las que convivas este verano <strong>te agradecer\u00e1n<\/strong> que seas capaz de estar realmente presente en vuestros encuentros.<br \/>\nY para acabar, una \u00faltima <strong>recomendaci\u00f3n veraniega que tiene que ver precisamente con gratitud.<\/strong><\/p>\n<p>[\/vc_column_text][\/vc_column][\/vc_row][vc_row full_width=\u00bbstretch_row\u00bb css=\u00bb.vc_custom_1532255675555{background-color: #ffffff !important;}\u00bb][vc_column width=\u00bb1\/6&#8243;][\/vc_column][vc_column width=\u00bb2\/3&#8243;][vc_separator color=\u00bborange\u00bb style=\u00bbshadow\u00bb][vc_icon icon_fontawesome=\u00bbfa fa-child\u00bb color=\u00bbcustom\u00bb size=\u00bbxl\u00bb align=\u00bbcenter\u00bb css_animation=\u00bbtop-to-bottom\u00bb custom_color=\u00bb#ef8036&#8243;][vc_custom_heading text=\u00bbDiario de gratitud\u00bb font_container=\u00bbtag:h2|text_align:center\u00bb use_theme_fonts=\u00bbyes\u00bb][vc_separator color=\u00bborange\u00bb style=\u00bbshadow\u00bb][vc_column_text]<\/p>\n<p style=\"text-align: justify;\">Te suger\u00edamos <strong>arrancar el d\u00eda<\/strong> con una peque\u00f1a <a href=\"https:\/\/intimind.es\/por-que-gratitud-nos-hace-felices-segun-neurociencia\/\"><strong>pr\u00e1ctica de Mindfulness<\/strong><\/a> y te proponemos que hagas el mismo ejercicio justo en el momento de <strong>acostarte<\/strong><\/p>\n<p>[\/vc_column_text][vc_row_inner][vc_column_inner width=\u00bb1\/2&#8243;][vc_column_text]<\/p>\n<p style=\"text-align: justify;\">&#8211; Dedica <strong>tres minutos a respirar<\/strong>, a sentir el contacto de las s\u00e1banas, la comodidad de tu colch\u00f3n, las sensaciones de tu cuerpo y la <strong>gratitud por disponer de un sitio confortable en el que descansar<\/strong>.<\/p>\n<p>[\/vc_column_text][\/vc_column_inner][vc_column_inner width=\u00bb1\/2&#8243;][vc_column_text]<\/p>\n<p style=\"text-align: justify;\">&#8211; A\u00f1ade a ese sentimiento de gratitud <strong>5 cosas concretas del d\u00eda<\/strong> que acaba y por las cuales t\u00fa sientes gratitud. Puede ser algo tan peque\u00f1o como el placer que has experimentado mientras caminabas por la playa o la monta\u00f1a.<\/p>\n<p>[\/vc_column_text][\/vc_column_inner][\/vc_row_inner][vc_single_image image=\u00bb1957&#8243; img_size=\u00bbfull\u00bb alignment=\u00bbcenter\u00bb][vc_column_text]No lo dudes, seg\u00fan los cient\u00edficos, cultivar la gratitud tiene muchas recompensas tanto para nuestro cuerpo como para nuestra mente. Adem\u00e1s, como dec\u00eda <strong>Einstein<\/strong>:[\/vc_column_text][\/vc_column][vc_column width=\u00bb1\/6&#8243;][\/vc_column][\/vc_row][vc_row][vc_column][vc_message message_box_style=\u00bboutline\u00bb message_box_color=\u00bborange\u00bb icon_fontawesome=\u00bbfa fa-bookmark\u00bb]<\/p>\n<blockquote>\n<h3 style=\"text-align: center;\"><span style=\"color: #ef8036;\">\u201cS<strong>olo hay dos maneras de vivir la vida: una, como si nada fuera un milagro, la otra, como si todo lo fuera<\/strong>\u201d<\/span><\/h3>\n<\/blockquote>\n<p>[\/vc_message][\/vc_column][\/vc_row][vc_row][vc_column width=\u00bb1\/6&#8243;][\/vc_column][vc_column width=\u00bb2\/3&#8243;][vc_column_text]<\/p>\n<h2 style=\"text-align: justify;\">Vivir cualquier experiencia cotidiana con <span style=\"color: #ff9900;\">atenci\u00f3n plena<\/span> nos puede ayudar a percibir la vida de esta segunda manera. <span style=\"color: #ff9900;\">Aprovecha el verano para practicar<\/span>.<\/h2>\n<p>[\/vc_column_text][\/vc_column][vc_column width=\u00bb1\/6&#8243;][\/vc_column][\/vc_row][vc_row][vc_column][vc_btn title=\u00bbDESCARGA GRATIS INTIMIND\u00bb color=\u00bborange\u00bb size=\u00bblg\u00bb align=\u00bbcenter\u00bb button_block=\u00bbtrue\u00bb link=\u00bburl:http%3A%2F%2Fonelink.to%2F5s2ngs|title:Intimind%20descarga%20gratis|target:%20_blank|\u00bb][vc_empty_space height=\u00bb62px\u00bb][\/vc_column][\/vc_row]<\/p>\n","protected":false},"excerpt":{"rendered":"<p>[vc_row][vc_column width=\u00bb1\/6&#8243;][\/vc_column][vc_column width=\u00bb2\/3&#8243;][vc_empty_space height=\u00bb62px\u00bb][vc_column_text] Llega el verano y probablemente podr\u00e9is disfrutar de unos d\u00edas de descanso, tal vez en la playa, en la monta\u00f1a o visitando alg\u00fan pa\u00eds lejano. Es el momento de separar la vista de las pantallas del ordenador, las tablets o los m\u00f3viles y conectar de manera directa con la realidad. Se [&hellip;]<\/p>\n","protected":false},"author":9,"featured_media":1946,"comment_status":"open","ping_status":"open","sticky":false,"template":"","format":"standard","meta":[],"categories":[1,16],"tags":[136,86,138,31,12,78,135,137,134],"_links":{"self":[{"href":"https:\/\/intimind.es\/home\/wp-json\/wp\/v2\/posts\/1912"}],"collection":[{"href":"https:\/\/intimind.es\/home\/wp-json\/wp\/v2\/posts"}],"about":[{"href":"https:\/\/intimind.es\/home\/wp-json\/wp\/v2\/types\/post"}],"author":[{"embeddable":true,"href":"https:\/\/intimind.es\/home\/wp-json\/wp\/v2\/users\/9"}],"replies":[{"embeddable":true,"href":"https:\/\/intimind.es\/home\/wp-json\/wp\/v2\/comments?post=1912"}],"version-history":[{"count":43,"href":"https:\/\/intimind.es\/home\/wp-json\/wp\/v2\/posts\/1912\/revisions"}],"predecessor-version":[{"id":2773,"href":"https:\/\/intimind.es\/home\/wp-json\/wp\/v2\/posts\/1912\/revisions\/2773"}],"wp:featuredmedia":[{"embeddable":true,"href":"https:\/\/intimind.es\/home\/wp-json\/wp\/v2\/media\/1946"}],"wp:attachment":[{"href":"https:\/\/intimind.es\/home\/wp-json\/wp\/v2\/media?parent=1912"}],"wp:term":[{"taxonomy":"category","embeddable":true,"href":"https:\/\/intimind.es\/home\/wp-json\/wp\/v2\/categories?post=1912"},{"taxonomy":"post_tag","embeddable":true,"href":"https:\/\/intimind.es\/home\/wp-json\/wp\/v2\/tags?post=1912"}],"curies":[{"name":"wp","href":"https:\/\/api.w.org\/{rel}","templated":true}]}}