{"id":1461,"date":"2017-12-19T11:29:08","date_gmt":"2017-12-19T10:29:08","guid":{"rendered":"https:\/\/intimind.es\/?p=1461"},"modified":"2018-11-29T13:03:43","modified_gmt":"2018-11-29T12:03:43","slug":"7-consejos-para-surfear-el-estres-navideno","status":"publish","type":"post","link":"https:\/\/intimind.es\/home\/7-consejos-para-surfear-el-estres-navideno\/","title":{"rendered":"7 consejos para surfear el estr\u00e9s navide\u00f1o"},"content":{"rendered":"<p>[vc_row][vc_column width=\u00bb1\/6&#8243;][\/vc_column][vc_column width=\u00bb2\/3&#8243;][vc_separator color=\u00bborange\u00bb style=\u00bbshadow\u00bb][vc_column_text]<\/p>\n<h2 class=\"vc_custom_heading\" style=\"text-align: justify;\">\u00bfTe est\u00e1s estresando s\u00f3lo de pensar en las pr\u00f3ximas vacaciones? Si es as\u00ed, no est\u00e1s solo\/a. \u00a1Pero no tiene por qu\u00e9 ser as\u00ed! Te propongo cambiar tu enfoque, <span style=\"color: #ff6600;\">\u201cser\u201d m\u00e1s<\/span> y \u201chacer\u201d menos. Ponte las gafas de ver con <span style=\"color: #ff6600;\">ojos de principiante<\/span>, y comienza a sentirte m\u00e1s <span style=\"color: #ff6600;\">presente<\/span>.<\/h2>\n<p>[\/vc_column_text][\/vc_column][vc_column width=\u00bb1\/6&#8243;][\/vc_column][\/vc_row][vc_row][vc_column width=\u00bb1\/6&#8243;][\/vc_column][vc_column width=\u00bb2\/3&#8243;][vc_separator color=\u00bborange\u00bb style=\u00bbshadow\u00bb][vc_separator color=\u00bborange\u00bb style=\u00bbshadow\u00bb][vc_column_text]<\/p>\n<p style=\"text-align: justify;\">Estamos de lleno en una de las \u00e9pocas m\u00e1s bonitas del a\u00f1o. Para algunos. Para muchos otros, es tambi\u00e9n de lo m\u00e1s <strong>estresante<\/strong>. Aunque no tengamos vacaciones, ya nos est\u00e1n diciendo por todas partes que, quieras o no, es tiempo de celebrar, regalar, compartir\u2026que si, que puede ser muy bonito, pero esta \u00e9poca del a\u00f1o, para muchas personas se convierte en un suplicio. Cuando sentimos que <strong>nos imponen la alegr\u00eda<\/strong> nos podemos convertir en una olla a presi\u00f3n de <strong>emociones dif\u00edciles.<\/strong> Busca tu <strong>ant\u00eddoto<\/strong> para que no te ocurra. Al fin y al cabo, no hay obligaci\u00f3n de vivir la fiesta pero tampoco puedes permitir que eso se convierta en lo contrario y te amargue.<\/p>\n<p>[\/vc_column_text][vc_column_text][\/vc_column_text][vc_separator color=\u00bborange\u00bb style=\u00bbshadow\u00bb][vc_icon icon_fontawesome=\u00bbfa fa-bed\u00bb color=\u00bbcustom\u00bb size=\u00bbxl\u00bb align=\u00bbcenter\u00bb css_animation=\u00bbtop-to-bottom\u00bb custom_color=\u00bb#ef8036&#8243;][vc_custom_heading text=\u00bbC\u00f3mo act\u00faa el estr\u00e9s en tu cuerpo\u00bb font_container=\u00bbtag:h2|text_align:center\u00bb use_theme_fonts=\u00bbyes\u00bb][vc_separator color=\u00bborange\u00bb style=\u00bbshadow\u00bb][vc_column_text]<\/p>\n<p style=\"text-align: justify;\">\u00abEstr\u00e9s\u00bb es el t\u00e9rmino que se usa a menudo para describir la experiencia de enfrentar los desaf\u00edos y demandas de la vida. Es la <strong>respuesta global<\/strong> de nuestro cuerpo y mente a esos \u00abfactores estresantes\u00bb: desde el endurecimiento de los m\u00fasculos, al aumento del ritmo card\u00edaco y respiratorio; la interrupci\u00f3n de los procesos digestivos, y una variedad de cambios cognitivos y emocionales, como el pensamiento lento; la concentraci\u00f3n deficiente; la irritabilidad y la ansiedad.<\/p>\n<p style=\"text-align: justify;\">Cuando el agente estresor <strong>se prolonga en el tiempo<\/strong>, la respuesta al estr\u00e9s tambi\u00e9n se extiende en el tiempo y sus efectos se cronifican. Los signos de <strong>fatiga f\u00edsica y emocional<\/strong> comienzan a aparecer.<\/p>\n<p style=\"text-align: justify;\"><strong>Se puede sobrevivir<\/strong> a todo esto tal y como te has demostrado en los \u00faltimos a\u00f1os, pero de lo que se trata es de <strong>llevarlo lo mejor posible<\/strong>, as\u00ed que voy a ir al grano con esa peque\u00f1a <strong>lista de posibles estresores navide\u00f1os y su correspondiente ant\u00eddoto.<\/strong><\/p>\n<p>[\/vc_column_text][vc_column_text][\/vc_column_text][vc_separator color=\u00bborange\u00bb style=\u00bbshadow\u00bb][vc_icon type=\u00bbtypicons\u00bb icon_typicons=\u00bbtypcn typcn-location-outline\u00bb color=\u00bbcustom\u00bb size=\u00bbxl\u00bb align=\u00bbcenter\u00bb css_animation=\u00bbtop-to-bottom\u00bb custom_color=\u00bb#ef8036&#8243;][vc_custom_heading text=\u00bb1. EL GRAN ANT\u00cdDOTO: MINDFULNESS, LA ATENCI\u00d3N PLENA.\u00bb font_container=\u00bbtag:h2|text_align:center\u00bb use_theme_fonts=\u00bbyes\u00bb][vc_separator color=\u00bborange\u00bb style=\u00bbshadow\u00bb][vc_column_text]<\/p>\n<p style=\"text-align: justify;\">Los seres humanos tenemos dentro de nosotros la <strong>capacidad de una calma<\/strong> y tranquilidad profundas, y una <strong>conciencia que refleja con precisi\u00f3n<\/strong> lo que est\u00e1 sucediendo en el momento presente. <strong>\u00abMindfulness\u00bb<\/strong> es un nombre para este <strong>estado de conciencia<\/strong>. La atenci\u00f3n plena surge cuando prestas <strong>atenci\u00f3n a prop\u00f3sito, sin juzgar, y de manera amistosa,<\/strong> permitiendo. Al prestar atenci\u00f3n de esta manera especial a tu vida interior y exterior, momento a momento, puedes conectarte m\u00e1s profundamente con lo que est\u00e1 sucediendo. Es menos probable que te veas secuestrado por la urgencia de una reacci\u00f3n de estr\u00e9s.<\/p>\n<p>[\/vc_column_text][vc_column_text][\/vc_column_text][\/vc_column][vc_column width=\u00bb1\/6&#8243;][\/vc_column][\/vc_row][vc_row][vc_column][vc_message message_box_style=\u00bboutline\u00bb message_box_color=\u00bborange\u00bb icon_fontawesome=\u00bbfa fa-bookmark\u00bb]<\/p>\n<blockquote>\n<h3 style=\"text-align: center;\"><span style=\"color: #ef8036;\">\u201cCuando sentimos que\u00a0<strong>nos imponen la alegr\u00eda<\/strong>\u00a0nos podemos convertir en una olla a presi\u00f3n de\u00a0<strong>emociones dif\u00edciles.<\/strong>\u00a0Busca tu\u00a0<strong>ant\u00eddoto<\/strong>\u00a0para que no te ocurra\u00bb<\/span><\/h3>\n<\/blockquote>\n<p>[\/vc_message][\/vc_column][\/vc_row][vc_row][vc_column][vc_separator color=\u00bborange\u00bb style=\u00bbshadow\u00bb][vc_btn title=\u00bbDESCARGA GRATIS INTIMIND\u00bb color=\u00bborange\u00bb size=\u00bblg\u00bb align=\u00bbcenter\u00bb button_block=\u00bbtrue\u00bb link=\u00bburl:http%3A%2F%2Fonelink.to%2F5s2ngs|title:Intimind%20descarga%20gratis|target:%20_blank|\u00bb][vc_column_text][\/vc_column_text][\/vc_column][\/vc_row][vc_row][vc_column width=\u00bb1\/6&#8243;][vc_column_text][\/vc_column_text][\/vc_column][vc_column width=\u00bb2\/3&#8243;][vc_separator color=\u00bborange\u00bb style=\u00bbshadow\u00bb][vc_icon type=\u00bbtypicons\u00bb icon_typicons=\u00bbtypcn typcn-radar-outline\u00bb color=\u00bbcustom\u00bb size=\u00bbxl\u00bb align=\u00bbcenter\u00bb css_animation=\u00bbtop-to-bottom\u00bb custom_color=\u00bb#ef8036&#8243;][vc_custom_heading text=\u00bb2. UNA PAUSA AL D\u00cdA\u00bb font_container=\u00bbtag:h2|text_align:center\u00bb use_theme_fonts=\u00bbyes\u00bb][vc_separator color=\u00bborange\u00bb style=\u00bbshadow\u00bb][vc_column_text]<\/p>\n<p style=\"text-align: justify;\">Eso de que acabe un a\u00f1o nos afecta a todos. Parece que tomamos conciencia colectiva del FIN (cuando, en realidad, todo, todo, tiene un final. Ya sabes) y hay que parar m\u00e1quinas porque s\u00ed (con el estr\u00e9s consiguiente en el trabajo: hay que cerrar esto, aquello, terminar lo de m\u00e1s all\u00e1), hay que quedar con medio mundo y engullir como si tuvieras que acumular reservas para una hecatombe nuclear. Adem\u00e1s est\u00e1 el tema de los regalos: que si quieres hacerlos hay que elegir, comprar\u2026; que si no quieres hacerlos vas contracorriente; que si no puedes, ya es lo peor, sentirte fatal por todo lo que no te puedes permitir\u2026 En fin, demasiado estr\u00e9s \u00bfno te parece?<\/p>\n<p style=\"text-align: justify;\"><strong><span style=\"color: #ff6600;\">Ant\u00eddoto:<\/span><\/strong> T\u00f3mate un tiempo cada d\u00eda para detenerte. Haz un stop. Mantente presente, contigo y con la vida, tal como es. Por ejemplo, durante 5 minutos 2 veces al d\u00eda, deja a un lado todo lo que implique \u201chacer\u201d y ponte en <strong>modo \u00abser\u00bb<\/strong>. Es posible que lo tengas que programar, como si fuera una reuni\u00f3n o una cita para almorzar con un amigo. Presta atenci\u00f3n a las sensaciones de tu respiraci\u00f3n y de tu cuerpo y perm\u00edteles fluir de forma natural, simplemente prestando atenci\u00f3n a la experiencia.<\/p>\n<p>[\/vc_column_text][\/vc_column][vc_column width=\u00bb1\/6&#8243;][\/vc_column][\/vc_row][vc_row][vc_column][vc_message message_box_style=\u00bboutline\u00bb message_box_color=\u00bborange\u00bb icon_fontawesome=\u00bbfa fa-bookmark\u00bb]<\/p>\n<blockquote>\n<h3 style=\"text-align: center;\"><span style=\"color: #ef8036;\"><strong>Bonus extra:<\/strong> <\/span><\/h3>\n<h3 style=\"text-align: center;\"><span style=\"color: #ef8036;\">Aprende a usar los tiempos de espera (en la cola del supermercado, en una consulta m\u00e9dica, en un sem\u00e1foro\u2026) como \u00abtiempo libre\u00bb. Practica ser consciente, conectarte y estar presente llevando tu atenci\u00f3n a esos momentos.<\/span><\/h3>\n<\/blockquote>\n<p>[\/vc_message][\/vc_column][\/vc_row][vc_row][vc_column width=\u00bb1\/2&#8243;][vc_separator color=\u00bborange\u00bb style=\u00bbshadow\u00bb][vc_icon type=\u00bbtypicons\u00bb icon_typicons=\u00bbtypcn typcn-key-outline\u00bb color=\u00bbcustom\u00bb size=\u00bbxl\u00bb align=\u00bbcenter\u00bb css_animation=\u00bbtop-to-bottom\u00bb custom_color=\u00bb#ef8036&#8243;][vc_custom_heading text=\u00bb3. PERMISO PARA DECIR \u201cNO\u201d\u00bb font_container=\u00bbtag:h2|text_align:center\u00bb use_theme_fonts=\u00bbyes\u00bb][vc_separator color=\u00bborange\u00bb style=\u00bbshadow\u00bb][vc_column_text]<\/p>\n<p style=\"text-align: justify;\">Ya no te caben m\u00e1s compromisos. Has quedado con la gente del trabajo, con las amigas del colegio, con esos familiares que no pueden acudir a la cena de nochebuena. Tienes que programar comidas, buscar ofertas, comprar\u2026<\/p>\n<p style=\"text-align: justify;\"><span style=\"color: #ff6600;\"><strong>Ant\u00eddoto:<\/strong><\/span> \u00a1Decide decir NO a algo! S\u00e9 consciente de que esta posibilidad existe y conc\u00e9dete espacio tambi\u00e9n para ti, para descansar un poco de tanta vor\u00e1gine. Date permiso para decir \u00abno\u00bb a las invitaciones, o para irte pronto de un evento. Esto te dar\u00e1 <strong>m\u00e1s tiempo<\/strong> y har\u00e1 m\u00e1s flexible tu agenda. Adem\u00e1s ganar\u00e1s <strong>sensaci\u00f3n de controlar<\/strong> algo m\u00e1s tu vida.<\/p>\n<p style=\"text-align: justify;\">En estos momentos es m\u00e1s importante que nunca hacer <strong>pausas conscientes (punto 2)<\/strong>, disfrutar de un ba\u00f1o, unos minutos de meditaci\u00f3n, de escuchar una m\u00fasica que te guste y no hacer nada m\u00e1s.<\/p>\n<p>[\/vc_column_text][vc_column_text][\/vc_column_text][\/vc_column][vc_column width=\u00bb1\/2&#8243;][vc_separator color=\u00bborange\u00bb style=\u00bbshadow\u00bb][vc_icon type=\u00bbtypicons\u00bb icon_typicons=\u00bbtypcn typcn-spiral\u00bb color=\u00bbcustom\u00bb size=\u00bbxl\u00bb align=\u00bbcenter\u00bb css_animation=\u00bbtop-to-bottom\u00bb custom_color=\u00bb#ef8036&#8243;][vc_custom_heading text=\u00bb4. LA ESPIRAL DE LA CULPA\u00bb font_container=\u00bbtag:h2|text_align:center\u00bb use_theme_fonts=\u00bbyes\u00bb][vc_separator color=\u00bborange\u00bb style=\u00bbshadow\u00bb][vc_column_text]De cara al inicio de un nuevo a\u00f1o empiezan las listas de buenos prop\u00f3sitos, cosas que quieres cambiar y deseos de mejora. Parad\u00f3jicamente es la \u00e9poca m\u00e1s propicia para dejar de lado cualquier comportamiento relacionado con el bienestar y la salud. Cantidades ingentes de comida y bebida te asaltan a cada paso para tentar y romper todas esas buenas intenciones. Entras en una espiral de culpa con respecto a todo lo que quieres hacer y no est\u00e1s haciendo.<\/p>\n<p>&nbsp;<\/p>\n<p><span style=\"color: #ff6600;\"><strong>Ant\u00eddoto:<\/strong><\/span> La <strong>alimentaci\u00f3n consciente<\/strong> (prueba con una de nuestras pr\u00e1cticas). Combina la moderaci\u00f3n con no prohibirte nada. Contrarresta con amabilidad los pensamientos autodestructivos que te empujan a comer m\u00e1s porque te provocan ansiedad. Disfruta los platos especiales que se preparan estos d\u00edas en todas partes. Si saboreas cada alimento y comes conscientemente es m\u00e1s dif\u00edcil que te des un atrac\u00f3n.[\/vc_column_text][vc_column_text][\/vc_column_text][\/vc_column][\/vc_row][vc_row][vc_column width=\u00bb1\/2&#8243;][vc_separator color=\u00bborange\u00bb style=\u00bbshadow\u00bb][vc_icon icon_fontawesome=\u00bbfa fa-users\u00bb color=\u00bbcustom\u00bb size=\u00bbxl\u00bb align=\u00bbcenter\u00bb css_animation=\u00bbtop-to-bottom\u00bb custom_color=\u00bb#ef8036&#8243;][vc_custom_heading text=\u00bb5. ANSIEDAD FAMILIAR\u00bb font_container=\u00bbtag:h2|text_align:center\u00bb use_theme_fonts=\u00bbyes\u00bb][vc_separator color=\u00bborange\u00bb style=\u00bbshadow\u00bb][vc_column_text]<\/p>\n<p style=\"text-align: justify;\">El protagonista de la pel\u00edcula <a href=\"https:\/\/es.wikipedia.org\/wiki\/Familia_(pel%C3%ADcula)\" target=\"_blank\" rel=\"noopener\">\u201cFamilia\u201d<\/a> de Fernando Le\u00f3n de Aranoa dice en un momento dado que \u201cel que piense que es mejor estar solo que mal acompa\u00f1ado,\u00a0<strong>es que nunca ha estado solo<\/strong>\u201d. La familia es la familia. En general, las relaciones<strong> m\u00e1s duraderas<\/strong> que solemos tener. Por eso mismo, el pasado suele tener bastante importancia: viejas discusiones, rencores acumulados\u2026 La mayor parte del estr\u00e9s y la ansiedad en torno a los parientes en estas fechas suelen ser<strong> anticipatorios:<\/strong> \u201cseguro que mi cu\u00f1ado sale otra vez con la bromita de siempre y no me hace ninguna gracia\u201d, \u201ccomo mi hermana vuelva a levantarle la voz a mi hijo\u2026\u201d Llegamos a las reuniones ya con la mochila llena y preparados para <strong>azuzar el fuego<\/strong> en lugar de reducirlo.<\/p>\n<p style=\"text-align: justify;\"><span style=\"color: #ff6600;\"><strong>Ant\u00eddoto:<\/strong><\/span> Haz un ejercicio de <strong>gratitud.<\/strong> T\u00f3mate el tiempo para dar un paso atr\u00e1s y apreciar todo lo que tienes. Dale espacio a lo bueno que tienen estos d\u00edas, el afecto que puedes dar y el que recibes.<\/p>\n<p>[\/vc_column_text][vc_column_text][\/vc_column_text][\/vc_column][vc_column width=\u00bb1\/2&#8243;][vc_separator color=\u00bborange\u00bb style=\u00bbshadow\u00bb][vc_icon icon_fontawesome=\u00bbfa fa-percent\u00bb color=\u00bbcustom\u00bb size=\u00bbxl\u00bb align=\u00bbcenter\u00bb css_animation=\u00bbtop-to-bottom\u00bb custom_color=\u00bb#ef8036&#8243;][vc_custom_heading text=\u00bb6. EXPECTATIVAS DE PERFECCI\u00d3N\u00bb font_container=\u00bbtag:h2|text_align:center\u00bb use_theme_fonts=\u00bbyes\u00bb][vc_separator color=\u00bborange\u00bb style=\u00bbshadow\u00bb][vc_column_text]<\/p>\n<p style=\"text-align: justify;\">Esta \u00e9poca del a\u00f1o est\u00e1 cargada de expectativas que nos hemos impuesto a nosotros mismos para que todo salga \u00abbien\u00bb. Las cosas tienen que verse, gustar, sentir y ser de cierta manera. Empezamos a entrar en este <strong>espacio de la mente<\/strong> donde las cosas tienen que ser perfectas, lo cual, por supuesto, <strong>no es posible<\/strong>.Si quieres que todo resulte impecable, cualquier cosa que hagas la vas a sentir menos feliz. Te encaminas directamente a experimentar una gran <strong>decepci\u00f3n. <\/strong>Por lo tanto, la forma en que <strong>manejamos estas expectativas<\/strong> es lo que <strong>determina nuestro bienestar<\/strong>.<\/p>\n<p style=\"text-align: justify;\"><strong><span style=\"color: #ff6600;\">Ant\u00eddoto:<\/span><\/strong> <strong>S\u00e9 amable contigo<\/strong>. Es mi mantra preferido. En estas fechas sobre todo, ten amabilidad y compasi\u00f3n (un peque\u00f1o \u00abesp\u00edritu festivo\u00bb) para ti. Especialmente cuando no haces las cosas \u00aba la perfecci\u00f3n\u00bb o te olvidas de hacer algo que hab\u00edas propuesto. Recuerda que la paz interior existe en cualquier momento del a\u00f1o. Aprende a <strong>conectarte<\/strong> y \u00abestar\u00bb con lo que est\u00e1 aqu\u00ed. Con el ahora. Esto te llevar\u00e1 a vivir m\u00e1s en tu propia quietud interior, independientemente de las circunstancias externas.<\/p>\n<p>[\/vc_column_text][vc_column_text][\/vc_column_text][\/vc_column][\/vc_row][vc_row][vc_column][vc_column_text][\/vc_column_text][vc_message message_box_style=\u00bboutline\u00bb message_box_color=\u00bborange\u00bb icon_fontawesome=\u00bbfa fa-bookmark\u00bb]<\/p>\n<blockquote>\n<h3 style=\"text-align: center;\"><span style=\"color: #ef8036;\">Estar presente es regresar a \u00abtu verdadero hogar\u00bb. <\/span><\/h3>\n<h3 style=\"text-align: center;\"><span style=\"color: #ef8036;\">Como dice THich Nhat Hahn <\/span><\/h3>\n<h3 style=\"text-align: center;\"><span style=\"color: #ef8036;\">\u00abEl milagro no es caminar sobre el agua, sino hacerlo sobre esta Tierra\u00bb<br \/>\n<\/span><\/h3>\n<\/blockquote>\n<p>[\/vc_message][vc_column_text][\/vc_column_text][\/vc_column][\/vc_row][vc_row][vc_column width=\u00bb1\/6&#8243;][\/vc_column][vc_column width=\u00bb2\/3&#8243;][vc_separator color=\u00bborange\u00bb style=\u00bbshadow\u00bb][vc_icon icon_fontawesome=\u00bbfa fa-user\u00bb color=\u00bbcustom\u00bb size=\u00bbxl\u00bb align=\u00bbcenter\u00bb css_animation=\u00bbtop-to-bottom\u00bb custom_color=\u00bb#ef8036&#8243;][vc_custom_heading text=\u00bb7. SOLEDAD\u00bb font_container=\u00bbtag:h2|text_align:center\u00bb use_theme_fonts=\u00bbyes\u00bb][vc_separator color=\u00bborange\u00bb style=\u00bbshadow\u00bb][vc_column_text]<\/p>\n<p style=\"text-align: justify;\">Volvemos a las expectativas. \u00bfCu\u00e1les son tus expectativas de recibir durante estas fiestas? Pi\u00e9nsalo bien, porque, seg\u00fan como sean tienes bastantes posibilidades de que no se cumplan. Entonces pueden ocurrir dos cosas:<\/p>\n<ol style=\"text-align: justify;\">\n<li>Empiezas a <strong>culpar a los dem\u00e1s<\/strong> porque no est\u00e1n a la altura de lo que esperas de ellos y les haces sentirse mal siempre que puedes<\/li>\n<li>Te <strong>sientes mal t\u00fa<\/strong> porque si no agasajan como esperas es porque no te aprecian suficiente, no eres lo bastante nos\u00e9qu\u00e9\u2026etc,etc<\/li>\n<\/ol>\n<p style=\"text-align: justify;\">Otra expectativa es la del tiempo que esperas pasar con los tuyos. Como en esta \u00e9poca \u201ctoca\u201d organizar reuniones familiares, si en tu casa no ocurre por la raz\u00f3n que sea, se genera una <strong>sensaci\u00f3n de soledad<\/strong> que no tendr\u00edas por estar solo cualquier otro d\u00eda del a\u00f1o.<\/p>\n<p style=\"text-align: justify;\">Ant\u00eddoto: reflexiona sobre el significado de las vacaciones. Es f\u00e1cil quedar atrapado en la versi\u00f3n comercial de lo que significa actualmente la temporada navide\u00f1a. Pero para ti \u00bfQu\u00e9 significado real tienen estas fiestas? T\u00f3mate el tiempo para reflexionar conscientemente sobre aquello que consideras que vale la pena cuidar.<\/p>\n<p>[\/vc_column_text][vc_column_text][\/vc_column_text][vc_separator color=\u00bborange\u00bb style=\u00bbshadow\u00bb][vc_icon type=\u00bbtypicons\u00bb icon_typicons=\u00bbtypcn typcn-thumbs-up\u00bb color=\u00bbcustom\u00bb size=\u00bbxl\u00bb align=\u00bbcenter\u00bb css_animation=\u00bbtop-to-bottom\u00bb custom_color=\u00bb#ef8036&#8243;][vc_custom_heading text=\u00bb7 CONSEJOS RESUMIDOS EN UNO: SIMPLIFICA TU VIDA\u00bb font_container=\u00bbtag:h2|text_align:center\u00bb use_theme_fonts=\u00bbyes\u00bb][vc_separator color=\u00bborange\u00bb style=\u00bbshadow\u00bb][vc_column_text]<\/p>\n<p style=\"text-align: justify;\">Busca maneras de simplificar tu vida, no solo durante las vacaciones sino tambi\u00e9n despu\u00e9s. Por ejemplo, revisa todas esas rutinas, costumbres que arrastras a\u00f1o tras a\u00f1o: \u00bfContin\u00faan teniendo un sentido para ti? Si es que s\u00ed, <strong>adelante.<\/strong> Si ya no te sirven, <strong>deshazte de ellos<\/strong>. C\u00e1mbialos por gestos, actitudes y acciones que te llenen en la actualidad, ahora.<\/p>\n<p style=\"text-align: justify;\">Y t\u00fa \u00bfqu\u00e9 es lo que haces para superar esta \u00e9poca del a\u00f1o? \u00bfNos lo cuentas?<\/p>\n<p>[\/vc_column_text][vc_column_text][\/vc_column_text][\/vc_column][vc_column width=\u00bb1\/6&#8243;][\/vc_column][\/vc_row][vc_row][vc_column width=\u00bb1\/6&#8243;][\/vc_column][vc_column width=\u00bb2\/3&#8243;][vc_video link=\u00bbhttps:\/\/youtu.be\/8Nk8OoGFWeI\u00bb src=\u00bb\u00abhttps:\/\/www.youtube.com\/embed\/My1T0D7srFQ\u00ab\u00bb width=\u00bb\u00ab560\u00ab\u00bb height=\u00bb\u00ab315\u00ab\u00bb frameborder=\u00bb\u00ab0\u00ab\u00bb title=\u00bbCon todo el cari\u00f1o y nuestros mejores deseos\u00bb][vc_column_text][\/vc_column_text][\/vc_column][vc_column width=\u00bb1\/6&#8243;][\/vc_column][\/vc_row][vc_row][vc_column][vc_separator color=\u00bborange\u00bb style=\u00bbshadow\u00bb][\/vc_column][\/vc_row]<\/p>\n","protected":false},"excerpt":{"rendered":"<p>[vc_row][vc_column width=\u00bb1\/6&#8243;][\/vc_column][vc_column width=\u00bb2\/3&#8243;][vc_separator color=\u00bborange\u00bb style=\u00bbshadow\u00bb][vc_column_text] \u00bfTe est\u00e1s estresando s\u00f3lo de pensar en las pr\u00f3ximas vacaciones? Si es as\u00ed, no est\u00e1s solo\/a. \u00a1Pero no tiene por qu\u00e9 ser as\u00ed! Te propongo cambiar tu enfoque, \u201cser\u201d m\u00e1s y \u201chacer\u201d menos. Ponte las gafas de ver con ojos de principiante, y comienza a sentirte m\u00e1s presente. [\/vc_column_text][\/vc_column][vc_column width=\u00bb1\/6&#8243;][\/vc_column][\/vc_row][vc_row][vc_column [&hellip;]<\/p>\n","protected":false},"author":2,"featured_media":1463,"comment_status":"open","ping_status":"open","sticky":false,"template":"","format":"standard","meta":[],"categories":[18,27,1],"tags":[127,12,125,126],"_links":{"self":[{"href":"https:\/\/intimind.es\/home\/wp-json\/wp\/v2\/posts\/1461"}],"collection":[{"href":"https:\/\/intimind.es\/home\/wp-json\/wp\/v2\/posts"}],"about":[{"href":"https:\/\/intimind.es\/home\/wp-json\/wp\/v2\/types\/post"}],"author":[{"embeddable":true,"href":"https:\/\/intimind.es\/home\/wp-json\/wp\/v2\/users\/2"}],"replies":[{"embeddable":true,"href":"https:\/\/intimind.es\/home\/wp-json\/wp\/v2\/comments?post=1461"}],"version-history":[{"count":10,"href":"https:\/\/intimind.es\/home\/wp-json\/wp\/v2\/posts\/1461\/revisions"}],"predecessor-version":[{"id":2786,"href":"https:\/\/intimind.es\/home\/wp-json\/wp\/v2\/posts\/1461\/revisions\/2786"}],"wp:featuredmedia":[{"embeddable":true,"href":"https:\/\/intimind.es\/home\/wp-json\/wp\/v2\/media\/1463"}],"wp:attachment":[{"href":"https:\/\/intimind.es\/home\/wp-json\/wp\/v2\/media?parent=1461"}],"wp:term":[{"taxonomy":"category","embeddable":true,"href":"https:\/\/intimind.es\/home\/wp-json\/wp\/v2\/categories?post=1461"},{"taxonomy":"post_tag","embeddable":true,"href":"https:\/\/intimind.es\/home\/wp-json\/wp\/v2\/tags?post=1461"}],"curies":[{"name":"wp","href":"https:\/\/api.w.org\/{rel}","templated":true}]}}