{"id":1384,"date":"2017-08-23T12:39:27","date_gmt":"2017-08-23T10:39:27","guid":{"rendered":"https:\/\/intimind.es\/?p=1384"},"modified":"2018-11-29T13:10:36","modified_gmt":"2018-11-29T12:10:36","slug":"con-la-que-esta-cayendo-y-tu-te-pones-a-meditar","status":"publish","type":"post","link":"https:\/\/intimind.es\/home\/con-la-que-esta-cayendo-y-tu-te-pones-a-meditar\/","title":{"rendered":"Con la que est\u00e1 cayendo y t\u00fa te pones a meditar"},"content":{"rendered":"<p>[vc_row][vc_column width=\u00bb1\/6&#8243;][\/vc_column][vc_column width=\u00bb2\/3&#8243;][vc_separator color=\u00bborange\u00bb style=\u00bbshadow\u00bb][vc_column_text][\/vc_column_text][vc_custom_heading text=\u00bb\u201cPero si yo no estaba realmente all\u00ed, \u00bfpuede afectarme tambi\u00e9n?\u201d Las personas que han vivido f\u00edsicamente de cerca un atentado terrorista tienen que hacer frente a experiencias severas de trauma, pero las que han presenciado la tragedia desde la distancia, a trav\u00e9s de la televisi\u00f3n y las redes sociales, tambi\u00e9n se ven afectadas. La pr\u00e1ctica de mindfulness propone abrazar la cat\u00e1strofe total para superarla, actuar de la mejor manera y contrarrestar la par\u00e1lisis, el miedo y el odio.\u00bb font_container=\u00bbtag:h2|text_align:justify\u00bb use_theme_fonts=\u00bbyes\u00bb][\/vc_column][vc_column width=\u00bb1\/6&#8243;][\/vc_column][\/vc_row][vc_row][vc_column width=\u00bb1\/6&#8243;][\/vc_column][vc_column width=\u00bb2\/3&#8243;][vc_column_text][\/vc_column_text][vc_separator color=\u00bborange\u00bb style=\u00bbshadow\u00bb][vc_column_text][\/vc_column_text][vc_icon type=\u00bbmonosocial\u00bb icon_monosocial=\u00bbvc-mono vc-mono-sharethis\u00bb color=\u00bborange\u00bb size=\u00bbxl\u00bb align=\u00bbcenter\u00bb css_animation=\u00bbtop-to-bottom\u00bb][vc_custom_heading text=\u00bbHechos, im\u00e1genes, impactos\u00bb font_container=\u00bbtag:h2|text_align:center\u00bb use_theme_fonts=\u00bbyes\u00bb][vc_column_text][\/vc_column_text][vc_separator color=\u00bborange\u00bb style=\u00bbshadow\u00bb][vc_column_text]<\/p>\n<p style=\"text-align: justify;\">El terrorismo global extiende el horror y sus efectos m\u00e1s all\u00e1 de los lugares concretos donde se produce un atentado. Ese es, de hecho, su objetivo: sembrar p\u00e1nico y miedo.<\/p>\n<p style=\"text-align: justify;\">Las personas que lo sufren directamente y que sobreviven tienen una alta probabilidad de desarrollar un trastorno de estr\u00e9s postraum\u00e1tico. No obstante, pr\u00e1cticamente todos estamos expuestos al <a href=\"https:\/\/es.wikipedia.org\/wiki\/Trauma_ps%C3%ADquico\">trauma<\/a>, al <strong>impacto<\/strong> de ese suceso a trav\u00e9s de los medios de comunicaci\u00f3n y las redes sociales.<\/p>\n<p style=\"text-align: justify;\">Estos d\u00edas se debate sobre si las im\u00e1genes del atentado en Barcelona se deb\u00edan o no publicar, si hay <strong>l\u00edmites<\/strong> a lo que se transmite, si mostrar esa parte de la realidad que muestran las fotos y los v\u00eddeos es una violaci\u00f3n de la intimidad de las v\u00edctimas o debe prevalecer el derecho a la informaci\u00f3n.<\/p>\n<p style=\"text-align: justify;\">Pero, \u00bfte has preguntado alguna vez <strong>c\u00f3mo impactan<\/strong> en ti las im\u00e1genes que contienen violencia expl\u00edcita y real? \u00bfDeber\u00edamos verlas para ser <strong>m\u00e1s conscientes<\/strong> del mundo en el que vivimos? \u00bfDurante cuanto tiempo? \u00bfCu\u00e1l ser\u00eda la <strong>dosis<\/strong> aconsejable antes de anestesiar nuestra capacidad de empat\u00eda, de respuesta, de reflexi\u00f3n\u2026?<\/p>\n<p style=\"text-align: justify;\">Podemos entrar en un debate similar al del az\u00facar: \u00bfEs un veneno? Tal vez, como dicen muchos <a href=\"https:\/\/blogs.20minutos.es\/el-nutricionista-de-la-general\/2013\/05\/20\/es-el-azucar-veneno\/\">nutricionistas<\/a> a prop\u00f3sito de la comida, m\u00e1s que catalogar las im\u00e1genes en buenas o malas, antes de prohibirlas o promocionarlas, su bondad o maldad vendr\u00e1 marcada no por su naturaleza, sino por <strong>el uso<\/strong> que hacemos de ellas. Y en este uso hay dos partes.<\/p>\n<p style=\"text-align: justify;\">Est\u00e1 la responsabilidad del que <strong>emite<\/strong> y decide qu\u00e9 im\u00e1genes publica, con qu\u00e9 finalidad (imag\u00ednate que cada persona responsable de compartir una informaci\u00f3n se hace estas dos sencillas preguntas antes de lanzarlas al espacio cibern\u00e9tico o televisivo). Luego est\u00e1 la persona que <strong>recibe<\/strong> y que tiene la responsabilidad de filtrar la informaci\u00f3n, valorarla, distinguir\u2026<\/p>\n<p>[\/vc_column_text][vc_btn title=\u00bbDescarga intimind gratis\u00bb color=\u00bborange\u00bb align=\u00bbcenter\u00bb i_type=\u00bblinecons\u00bb i_icon_linecons=\u00bbvc_li vc_li-bulb\u00bb button_block=\u00bbtrue\u00bb add_icon=\u00bbtrue\u00bb link=\u00bburl:http%3A%2F%2Fonelink.to%2F5s2ngs|title:Intimind%20en%20App%20Store|target:%20_blank|\u00bb][vc_separator color=\u00bborange\u00bb style=\u00bbshadow\u00bb][vc_column_text][\/vc_column_text][vc_message message_box_style=\u00bboutline\u00bb message_box_color=\u00bborange\u00bb icon_fontawesome=\u00bbfa fa-bookmark\u00bb]<\/p>\n<blockquote>\n<h3>\u00abEncontrar belleza en un mundo roto es crear belleza en el mundo que encontramos\u00bb<\/h3>\n<h3>\u2014 Terry Tempest Williams<\/h3>\n<\/blockquote>\n<p>[\/vc_message][vc_column_text][\/vc_column_text][vc_separator color=\u00bborange\u00bb style=\u00bbshadow\u00bb][vc_column_text][\/vc_column_text][\/vc_column][vc_column width=\u00bb1\/6&#8243;][\/vc_column][\/vc_row][vc_row][vc_column width=\u00bb1\/6&#8243;][vc_row_inner][vc_column_inner][\/vc_column_inner][\/vc_row_inner][\/vc_column][vc_column width=\u00bb2\/3&#8243;][vc_icon icon_fontawesome=\u00bbfa fa-comments\u00bb color=\u00bborange\u00bb size=\u00bbxl\u00bb align=\u00bbcenter\u00bb css_animation=\u00bbtop-to-bottom\u00bb][vc_custom_heading text=\u00bbLa dieta de la infoxicaci\u00f3n\u00bb font_container=\u00bbtag:h2|text_align:center\u00bb use_theme_fonts=\u00bbyes\u00bb][vc_column_text][\/vc_column_text][vc_separator color=\u00bborange\u00bb style=\u00bbshadow\u00bb][vc_column_text]<\/p>\n<p style=\"text-align: justify;\">Volvamos a la cuesti\u00f3n de <strong>c\u00f3mo me afecta<\/strong> el torrente de informaci\u00f3n, im\u00e1genes, datos y opiniones a las que me someto cuando sigo durante horas un suceso que me preocupa. Qu\u00e9 efecto tiene sobre mi salud y bienestar y qu\u00e9 consecuencias tiene en mi concepci\u00f3n del mundo.<\/p>\n<p style=\"text-align: justify;\">Seg\u00fan <a href=\"http:\/\/gretchenschmelzer.com\/\" target=\"_blank\" rel=\"noopener\">Gretchen Schmelzer<\/a>, psic\u00f3loga especializada en trauma, las <strong>im\u00e1genes<\/strong> tienen un <strong>enorme poder<\/strong> en nuestros pensamientos. Incluso cuando no has visto algo y te lo cuentan, en tu mente elaboras una pel\u00edcula de los hechos. Tu cerebro crea un recuerdo y le pone im\u00e1genes. Si adem\u00e1s ves repetidamente escenas\u00a0de un suceso violento tu memoria lo absorbe como un trauma. Por supuesto, en distinta medida a c\u00f3mo lo sufren las personas que lo han vivido de forma directa.<\/p>\n<p style=\"text-align: justify;\">Cuando nos dejamos bombardear por horas y horas de televisi\u00f3n, donde se reproducen las mismas declaraciones y escenas violentas nuestro cuerpo libera adrenalina y cortisol, la hormona del <strong>estr\u00e9s.<\/strong><\/p>\n<p style=\"text-align: justify;\">Nos preparamos <strong>biol\u00f3gicamente<\/strong> para responder ante una amenaza y da igual si es real o si la estamos viendo a trav\u00e9s de una pantalla. Sufrimos lo que se denomina <strong><a href=\"https:\/\/es.firstdraftnews.com\/2017\/05\/17\/que-es-el-trauma-vicario-repercute-en-mi-que-puedo-hacer\/\">trauma vicario<\/a>\u00a0<\/strong>que es la capacidad que tiene nuestro cerebro de experimentar <strong>la misma angustia<\/strong> que tendr\u00edamos de haber estado en ese sitio en aquel momento.<strong>\u00a0<\/strong>Ahora lo que importa es <strong>activar todas las alertas<\/strong> y entrar en estado de m\u00e1xima vigilancia.<\/p>\n<p>[\/vc_column_text][vc_column_text][\/vc_column_text][vc_message message_box_color=\u00bborange\u00bb]Todo nuestro\u00a0<strong>comportamiento<\/strong>\u00a0se enfocar\u00e1 tambi\u00e9n a la<strong>\u00a0defensa<\/strong>, a la supervivencia:<\/p>\n<p><strong>&#8211;<\/strong>Nuestro\u00a0<strong>enfoque cognitivo<\/strong>\u00a0se estrecha: retenemos menos informaci\u00f3n y la analizamos menos. Todo es blanco o negro.<\/p>\n<p>-Tenemos\u00a0<strong>m\u00e1s prejuicios<\/strong>\u00a0hacia los dem\u00e1s y la desconfianza gana enteros.<\/p>\n<p>-Es m\u00e1s probable que queramos estar con personas \u201ccomo nosotros\u201d y que seamos menos propensos a ser inclusivos.<\/p>\n<p>-Somos\u00a0<strong>m\u00e1s r\u00edgidos,<\/strong>\u00a0menos flexibles. De la rigidez al odio hay un paso.[\/vc_message][vc_column_text][\/vc_column_text][vc_column_text]<\/p>\n<p style=\"text-align: justify;\">El trauma hace que deseemos <strong>previsibilidad<\/strong>. En lugar de la mejor respuesta, es probable que escojamos lo que nos resulta <strong>conocido y familiar.<\/strong> \u201cM\u00e1s vale malo conocido que bueno por conocer\u201d \u00bfC\u00f3mo es posible que lo malo sea preferible a lo bueno s\u00f3lo porque nos exime de abrirnos a la novedad?<\/p>\n<p style=\"text-align: justify;\">Otra consecuencia de la exposici\u00f3n a un acontecimiento traum\u00e1tico es que el miedo se entroniza en la mente, se apodera del cuerpo y dirige, casi siempre de forma inconsciente, nuestros pensamientos y actos.<\/p>\n<p style=\"text-align: justify;\">En resumen, nos volvemos tensos, desconfiados y miedosos.<\/p>\n<p>[\/vc_column_text][vc_column_text][\/vc_column_text][vc_message message_box_color=\u00bborange\u00bb]<\/p>\n<p style=\"text-align: justify;\">\u00bfY qu\u00e9 podemos hacer? <strong>Schmelzer<\/strong> nos da cuatro consejos:<\/p>\n<p style=\"text-align: justify;\">1- <strong>No te enganches a las televisi\u00f3n ni las redes sociales.<\/strong> Inf\u00f3rmate, pero deja espacio para separarte de todo los que ves y escuchas, para poder observarlo con ecuanimidad.<\/p>\n<p style=\"text-align: justify;\">2-<strong> Cuida tu cuerpo<\/strong>: El primer impacto del trauma es siempre nuestro cuerpo, nuestros sistemas fisiol\u00f3gicos. Por lo tanto, lo primero es reducir el nivel de estr\u00e9s: mu\u00e9vete, b\u00e1\u00f1ate, camina. Activarte, comer bien, beber agua, dormir. Al llevar tu fisiolog\u00eda a un mejor estado, tu cerebro cambiar\u00e1 los engranajes.<\/p>\n<p style=\"text-align: justify;\">3- <strong>Reconecta con la <a href=\"https:\/\/intimind.es\/por-que-gratitud-nos-hace-felices-segun-neurociencia\/\">gratitud<\/a>.<\/strong> El trauma es un mundo donde te sientes desamparado e impotente. El ant\u00eddoto es el recordatorio de lo que tienes, y lo que amas. Una vez al d\u00eda piensa en algo por lo que sientes agradecimiento. Da igual si es peque\u00f1o o grande. O escr\u00edbelo. Piensa en toda la gente que aprecias y que te aprecian a ti.<\/p>\n<p style=\"text-align: justify;\">4.- <strong>Con\u00e9ctate con otros, especialmente entre grupos distintos.<\/strong> El trauma nos hace aferrarnos a nuestro clan. Todos somos diferentes, pero todos somos iguales en esencia y eso nos permite establecer v\u00ednculos. Haz algo amable por alguien. Sonr\u00ede a una persona desconocida. Pregunta si puedes ayudar.<\/p>\n<p>[\/vc_message][vc_column_text][\/vc_column_text][vc_separator color=\u00bborange\u00bb style=\u00bbshadow\u00bb][\/vc_column][vc_column width=\u00bb1\/6&#8243;][\/vc_column][\/vc_row][vc_row][vc_column width=\u00bb1\/6&#8243;][\/vc_column][vc_column width=\u00bb2\/3&#8243;][vc_column_text][\/vc_column_text][vc_message message_box_style=\u00bboutline\u00bb message_box_color=\u00bborange\u00bb icon_fontawesome=\u00bbfa fa-bookmark\u00bb]<\/p>\n<blockquote>\n<h3 style=\"text-align: justify;\">\u00abMindfulness no es una t\u00e9cnica de auto-mejora. Es una forma de coraje\u00bb<\/h3>\n<h3>\u2014\u00a0Susan Piver<\/h3>\n<\/blockquote>\n<p>[\/vc_message][vc_column_text][\/vc_column_text][vc_separator color=\u00bborange\u00bb style=\u00bbshadow\u00bb][vc_column_text][\/vc_column_text][vc_icon type=\u00bbtypicons\u00bb icon_typicons=\u00bbtypcn typcn-warning-outline\u00bb color=\u00bborange\u00bb size=\u00bbxl\u00bb align=\u00bbcenter\u00bb css_animation=\u00bbtop-to-bottom\u00bb][vc_custom_heading text=\u00bbY en situaciones como esta \u00bfqui\u00e9n se pone a meditar?\u00bb font_container=\u00bbtag:h2|text_align:center\u00bb use_theme_fonts=\u00bbyes\u00bb][vc_column_text][\/vc_column_text][vc_separator color=\u00bborange\u00bb style=\u00bbshadow\u00bb][vc_column_text][\/vc_column_text][vc_column_text]<\/p>\n<p style=\"text-align: justify;\">Puede que identifiques la meditaci\u00f3n con <strong>pasividad.<\/strong> Pero practicar en quietud durante un tiempo no equivale en absoluto a inacci\u00f3n.<\/p>\n<p style=\"text-align: justify;\">Meditar es una pr\u00e1ctica para <strong>observar lo que ocurre<\/strong> en tu mente y en tu cuerpo. Observarlo con t\u00e9cnicas que nos permiten ver cada vez con m\u00e1s<strong> claridad<\/strong>. Sin juzgar en ese momento, para que la mirada sea lo m\u00e1s<strong> ecu\u00e1nime<\/strong> posible. Cultivando poco a poco, desde la <strong>amabilidad<\/strong> hacia ti mismo, el valor de acercarse a lo que muchas veces no queremos ver, sentir o reconocer.<\/p>\n<p style=\"text-align: justify;\"><a href=\"https:\/\/susanpiver.com\/\" target=\"_blank\" rel=\"noopener\">Susan Piver<\/a>, autora de best-sellers del NY Times, y maestra budista afirma postula que es el dolor, la rabia y la insensibilidad lo que en realidad est\u00e1n <strong>en la ra\u00edz<\/strong> de tragedias como el terrorismo. Ella propone contactar con ese dolor humano de forma <strong>experiencial<\/strong> a trav\u00e9s de la meditaci\u00f3n, convencida de que ese es un trabajo que <strong>transforma nuestra manera de actuar.<\/strong> Conectar con la rabia, incluso con la miseria, permite construir una respuesta desde el <strong>conocimiento<\/strong> de esa emoci\u00f3n. Es muy distinto de la respuesta que est\u00e1 dirigida y dominada por una emoci\u00f3n de forma pr\u00e1cticamente inconsciente.<\/p>\n<p style=\"text-align: justify;\">Ahora te dejo una pr\u00e1ctica de Piver para momentos en que alguna tragedia te desborda y te hace sentir impotente. Recuerda que no se trata No se trata de no actuar. DEBEMOS actuar. Pero antes, debemos reconocer y sentir.<\/p>\n<p>[\/vc_column_text][vc_column_text][\/vc_column_text][vc_separator color=\u00bborange\u00bb style=\u00bbshadow\u00bb][vc_message message_box_color=\u00bborange\u00bb icon_fontawesome=\u00bbfa fa-heart\u00bb]<\/p>\n<p style=\"text-align: justify;\">Vas a hacer un ejercicio que consiste en tomar algunos de los dolores de este mundo y enviar alg\u00fan alivio de ese dolor. Si\u00e9ntate en una postura c\u00f3moda, en silencio. Relaja tu mente y luego piensa:<\/p>\n<p style=\"text-align: justify;\">Para todos vosotros, todas las personas v\u00edctimas de la violencia, las que han perdido la vida y las que ahora pueden estar vagando aterrorizadas y confundidas. Comparto vuestro sufrimiento. Me permito sentirlo. A cambio, os ofrezco mi paz.<\/p>\n<p style=\"text-align: justify;\"><em>Inspira su sufrimiento. Exhala tu paz. <\/em><\/p>\n<p style=\"text-align: justify;\">Para todos los que fueron testigos de este horror, comparto vuestra conmoci\u00f3n indescriptible. Que yo pueda tomar aunque sea un poquito de esa pena y esa rabia en mi propio coraz\u00f3n para aligerarlos. A cambio, os mando mi fortaleza.<\/p>\n<p style=\"text-align: justify;\"><em>Inspira su sufrimiento. Exhala tu fortaleza. <\/em><\/p>\n<p style=\"text-align: justify;\">Para todos las personas que vivieron este d\u00eda horrible y ahora deben darle sentido, comparto vuestra confusi\u00f3n. Que pueda tomar vuestro miedo, rabia y pesadillas. A cambio, os mando mi valent\u00eda.<\/p>\n<p style=\"text-align: justify;\"><em>Inspira su sufrimiento. Exhala tu valent\u00eda<\/em>.<\/p>\n<p style=\"text-align: justify;\">Para los pol\u00edticos, m\u00e9dicos, enfermeras, polic\u00edas y socorristas que hab\u00e9is dado testimonio y ahora ten\u00e9is que actuar, comparto vuestra desesperaci\u00f3n. Que pueda tomar vuestra conmoci\u00f3n y confusi\u00f3n. A cambio os mando mi confianza y mi claridad.<\/p>\n<p style=\"text-align: justify;\"><em>Inspira su sufrimiento. Exhala tu confianza y tu claridad.<\/em><\/p>\n<p style=\"text-align: justify;\">Por \u00faltimo, pasa unos momentos deseando que todas las personas puedan estar seguras.<\/p>\n<p style=\"text-align: justify;\">Cuando est\u00e9s listo para cerrar, si\u00e9ntate en silencio por unos minutos antes de reanudar tu vida.<\/p>\n<p>[\/vc_message][vc_column_text]<\/p>\n<p style=\"text-align: justify;\">Esta es una pr\u00e1ctica<strong> generativa<\/strong> porque sirve para <strong>cultivar la compasi\u00f3n<\/strong> (comprensi\u00f3n del sufrimiento y deseo de aliviarlo). Para entenderla mejor te recomiendo este <a href=\"http:\/\/www.todobien.club\/que-hacer-con-las-personas-dificiles-en-nuestra-vida-e-1797501878\" target=\"_blank\" rel=\"noopener\">art\u00edculo<\/a> de Natalia Mart\u00edn. No se trata de lanzar deseos y tener esperanza de que se cumplan sino de constatar que podemos <strong>tener esos buenos deseos<\/strong> en medio del horror, en lugar de cultivar rencor, odio y \u00e1nimo de venganza (totalmente comprensibles y humanos).<\/p>\n<p style=\"text-align: justify;\">Es una pr\u00e1ctica que nos va abriendo m\u00e1s y m\u00e1s el coraz\u00f3n, comprobando c\u00f3mo el miedo nos hace protegerlo y cerrarlo. Cuando te abres a tu propio sufrimiento puedes reconocer mejor el de los dem\u00e1s. Desde ah\u00ed est\u00e1s mejor preparado para <strong>ayudar<\/strong>.<\/p>\n<p style=\"text-align: justify;\">En lugar de bloquearte o paralizarte por el miedo, lo transformas en combustible. <strong>Estar con el dolor<\/strong> te permite superarlo mientras que la pura indignaci\u00f3n, muchas veces, en lugar de estimularnos, se queda s\u00f3lo en eso.<\/p>\n<p>[\/vc_column_text][vc_separator color=\u00bborange\u00bb style=\u00bbshadow\u00bb][\/vc_column][vc_column width=\u00bb1\/6&#8243;][\/vc_column][\/vc_row][vc_row][vc_column width=\u00bb1\/6&#8243;][\/vc_column][vc_column width=\u00bb2\/3&#8243;][vc_column_text][\/vc_column_text][vc_column_text][\/vc_column_text][vc_message message_box_style=\u00bboutline\u00bb message_box_color=\u00bbgrey\u00bb icon_fontawesome=\u00bbfa fa-dot-circle-o\u00bb]<\/p>\n<h3 style=\"text-align: center;\">Cierra tus ojos y ver\u00e1s claramente, de Lao Ts\u00e9<\/h3>\n<h4 style=\"text-align: center;\">Cierra tus ojos y ver\u00e1s claramente.<\/h4>\n<h4 style=\"text-align: center;\">Cesa de escuchar y oir\u00e1s la Verdad.<\/h4>\n<h4 style=\"text-align: center;\">Permanece en silencio y tu Coraz\u00f3n cantar\u00e1.<\/h4>\n<h4 style=\"text-align: center;\">No anheles ning\u00fan contacto y encontrar\u00e1s la Uni\u00f3n.<\/h4>\n<h4 style=\"text-align: center;\">Permanece quieto y te mecer\u00e1 la marea del Universo.<\/h4>\n<h4 style=\"text-align: center;\">Rel\u00e1jate y no necesitar\u00e1s ninguna fuerza.<\/h4>\n<h4 style=\"text-align: center;\">S\u00e9 paciente y alcanzar\u00e1s todas las cosas.<\/h4>\n<h4 style=\"text-align: center;\">S\u00e9 humilde y permanecer\u00e1s entero<\/h4>\n<h4 style=\"text-align: center;\">Cuando las cosas anheladas ya no se desean, llegan.<\/h4>\n<h4 style=\"text-align: center;\">Cuando las cosas temidas ya no se temen, se alejan.<\/h4>\n<p>[\/vc_message][vc_column_text]Foto de Jeremiah Reyes en Unsplash[\/vc_column_text][vc_separator color=\u00bborange\u00bb style=\u00bbshadow\u00bb][vc_separator color=\u00bborange\u00bb style=\u00bbshadow\u00bb][vc_column_text][\/vc_column_text][\/vc_column][vc_column width=\u00bb1\/6&#8243;][\/vc_column][\/vc_row][vc_row][vc_column][\/vc_column][\/vc_row]<\/p>\n","protected":false},"excerpt":{"rendered":"<p>[vc_row][vc_column width=\u00bb1\/6&#8243;][\/vc_column][vc_column width=\u00bb2\/3&#8243;][vc_separator color=\u00bborange\u00bb style=\u00bbshadow\u00bb][vc_column_text][\/vc_column_text][vc_custom_heading text=\u00bb\u201cPero si yo no estaba realmente all\u00ed, \u00bfpuede afectarme tambi\u00e9n?\u201d Las personas que han vivido f\u00edsicamente de cerca un atentado terrorista tienen que hacer frente a experiencias severas de trauma, pero las que han presenciado la tragedia desde la distancia, a trav\u00e9s de la televisi\u00f3n y las redes sociales, tambi\u00e9n [&hellip;]<\/p>\n","protected":false},"author":2,"featured_media":1392,"comment_status":"open","ping_status":"open","sticky":false,"template":"","format":"standard","meta":[],"categories":[18,1,16],"tags":[12,117,116],"_links":{"self":[{"href":"https:\/\/intimind.es\/home\/wp-json\/wp\/v2\/posts\/1384"}],"collection":[{"href":"https:\/\/intimind.es\/home\/wp-json\/wp\/v2\/posts"}],"about":[{"href":"https:\/\/intimind.es\/home\/wp-json\/wp\/v2\/types\/post"}],"author":[{"embeddable":true,"href":"https:\/\/intimind.es\/home\/wp-json\/wp\/v2\/users\/2"}],"replies":[{"embeddable":true,"href":"https:\/\/intimind.es\/home\/wp-json\/wp\/v2\/comments?post=1384"}],"version-history":[{"count":13,"href":"https:\/\/intimind.es\/home\/wp-json\/wp\/v2\/posts\/1384\/revisions"}],"predecessor-version":[{"id":2792,"href":"https:\/\/intimind.es\/home\/wp-json\/wp\/v2\/posts\/1384\/revisions\/2792"}],"wp:featuredmedia":[{"embeddable":true,"href":"https:\/\/intimind.es\/home\/wp-json\/wp\/v2\/media\/1392"}],"wp:attachment":[{"href":"https:\/\/intimind.es\/home\/wp-json\/wp\/v2\/media?parent=1384"}],"wp:term":[{"taxonomy":"category","embeddable":true,"href":"https:\/\/intimind.es\/home\/wp-json\/wp\/v2\/categories?post=1384"},{"taxonomy":"post_tag","embeddable":true,"href":"https:\/\/intimind.es\/home\/wp-json\/wp\/v2\/tags?post=1384"}],"curies":[{"name":"wp","href":"https:\/\/api.w.org\/{rel}","templated":true}]}}