{"id":1014,"date":"2016-10-28T08:57:16","date_gmt":"2016-10-28T06:57:16","guid":{"rendered":"https:\/\/intimind.es\/?p=1014"},"modified":"2018-11-29T13:16:09","modified_gmt":"2018-11-29T12:16:09","slug":"deja-de-buscar-el-momento-perfecto-no-existe","status":"publish","type":"post","link":"https:\/\/intimind.es\/home\/deja-de-buscar-el-momento-perfecto-no-existe\/","title":{"rendered":"Deja de buscar el momento perfecto: no existe"},"content":{"rendered":"<p>[vc_row][vc_column width=\u00bb1\/6&#8243;][\/vc_column][vc_column width=\u00bb2\/3&#8243;][vc_custom_heading text=\u00bbM\u00e9tetelo en la cabeza. Es as\u00ed. Nunca hay un momento perfecto para entrar en acci\u00f3n. Nunca hay un momento perfecto para lanzar ese proyecto, cambiar un h\u00e1bito, o adoptar uno nuevo (como meditar). Cuando asumas esta realidad, el trabajo que haces cada d\u00eda te va a cundir m\u00e1s. Te explicamos por qu\u00e9 cuesta tanto dar el primer paso y c\u00f3mo darlo estableciendo un h\u00e1bito de meditar ma\u00f1ana y tarde.\u00bb font_container=\u00bbtag:h2|text_align:justify\u00bb use_theme_fonts=\u00bbyes\u00bb][\/vc_column][vc_column width=\u00bb1\/6&#8243;][\/vc_column][\/vc_row][vc_row][vc_column width=\u00bb1\/6&#8243;][\/vc_column][vc_column width=\u00bb2\/3&#8243;][vc_column_text][\/vc_column_text][vc_message message_box_style=\u00bboutline\u00bb message_box_color=\u00bborange\u00bb icon_fontawesome=\u00bbfa fa-bookmark\u00bb]<\/p>\n<blockquote>\n<h3>\u00abNo esperes: el momento nunca va a ser el \u00abmomento justo\u00bb. Empieza donde est\u00e1s, trabaja con cualquier herramienta que tengas a mano y a medida que avanzas, encontrar\u00e1s mejores herramientas. \u00ab<\/h3>\n<h3>Napoleon Hill<\/h3>\n<\/blockquote>\n<p>[\/vc_message][vc_column_text][\/vc_column_text][vc_column_text]<\/p>\n<p style=\"text-align: justify;\">\u00abAhora es demasiado tarde. Necesito m\u00e1s recursos. No tengo bastante capacidad para lograrlo. Estoy demasiado cansado. No tengo tiempo. Los dem\u00e1s lo hacen mejor. No es el momento adecuado. No tengo suficiente talento. Me falta preparaci\u00f3n. Tengo demasiado miedo. Nadie me va a ayudar. Voy a fracasar. No tengo dinero..\u00a1suficiente !&#8230;\u00bb<\/p>\n<p style=\"text-align: justify;\">\u00bfTe suena?<\/p>\n<p style=\"text-align: justify;\">Es f\u00e1cil salir con excusas y justificar por qu\u00e9 no te pones en marcha. Cuanto m\u00e1s tiempo llenas tu cabeza con argumentaciones y excusas vac\u00edas, menos tiempo para dar ese primer paso.<\/p>\n<p style=\"text-align: justify;\">No te pasa s\u00f3lo a ti. Casi todo el mundo tiene esa especie de sensaci\u00f3n (ilusoria) de que \u201csiempre habr\u00e1 un ma\u00f1ana para hacer el trabajo de hoy\u201d. La sensaci\u00f3n de que cuando ocurra no s\u00e9 qu\u00e9 o cuando tenga esto o aquello mi vida ser\u00e1 m\u00e1s f\u00e1cil y entonces har\u00e9 lo que quiero hacer.<\/p>\n<p style=\"text-align: justify;\">Nos aferramos de forma autom\u00e1tica a esta creencia y procrastinamos constantemente hasta que el trabajo se convierte en una pesada carga.<\/p>\n<p style=\"text-align: justify;\">Siempre falta algo: si no es experiencia, es dinero, o tiempo y recursos de cualquier tipo. Pero es que dentro de un mes o un a\u00f1o tendr\u00e1s las mismas excusas o incluso m\u00e1s. Es como un bucle. Y si te quedas en \u00e9l cada vez es m\u00e1s complicado poner esa primera piedra hacia tu objetivo.<\/p>\n<p style=\"text-align: justify;\">Empezar requiere <a href=\"http:\/\/www.bbc.com\/mundo\/noticias-37759091\">lidiar con la incertidumbre.<\/a> Salir de tu burbuja personal para hacer un cambio. Para eso tienes que tomar conciencia, autochequearte, porque si no, tu mente siempre elegir\u00e1 por defecto el camino m\u00e1s c\u00f3modo (que puede ser el que t\u00fa quieres o no)<\/p>\n<p>[\/vc_column_text][vc_column_text][\/vc_column_text][vc_message message_box_style=\u00bboutline\u00bb message_box_color=\u00bborange\u00bb icon_fontawesome=\u00bbfa fa-bookmark\u00bb]<\/p>\n<blockquote>\n<h3><strong>\u201cLo \u00fanico que se interpone entre tu meta y t\u00fa, es la historia que te sigues contando a ti mismo de por qu\u00e9 no puedes lograrla\u201d<\/strong>\u00ab<\/h3>\n<h3>Jordan Belfort<\/h3>\n<\/blockquote>\n<p>[\/vc_message][vc_column_text][\/vc_column_text][\/vc_column][vc_column width=\u00bb1\/6&#8243;][\/vc_column][\/vc_row][vc_row][vc_column width=\u00bb1\/6&#8243;][vc_row_inner][vc_column_inner][\/vc_column_inner][\/vc_row_inner][\/vc_column][vc_column width=\u00bb2\/3&#8243;][vc_separator color=\u00bborange\u00bb style=\u00bbdotted\u00bb border_width=\u00bb10&#8243;][vc_icon icon_fontawesome=\u00bbfa fa-heart\u00bb color=\u00bborange\u00bb size=\u00bbxl\u00bb align=\u00bbcenter\u00bb css_animation=\u00bbtop-to-bottom\u00bb][vc_custom_heading text=\u00bbLa meditaci\u00f3n mindfulness es la herramienta.\u00bb font_container=\u00bbtag:h2|text_align:center\u00bb use_theme_fonts=\u00bbyes\u00bb][vc_separator color=\u00bborange\u00bb style=\u00bbdotted\u00bb border_width=\u00bb10&#8243;][vc_column_text][\/vc_column_text][vc_column_text]<\/p>\n<p style=\"text-align: justify;\">Cuando practicas mindfulness, en lugar de situarte en momentos futuros hipot\u00e9ticos, <strong>est\u00e1s en el presente,<\/strong> en lo \u00fanico que tienes de verdad. Entonces act\u00faas desde ese presente y vas dando pasos hacia tu objetivo.<\/p>\n<p style=\"text-align: justify;\">Meditar es un acto tan simple como sentarse con las piernas relajadas, con la espalda erguida, cerrar los ojos, y centrarse en la respiraci\u00f3n.<\/p>\n<p style=\"text-align: justify;\">IN(spira) uno, ES(pira) dos. IN(spira) tres, ES(pira) cuatro\u2026sigue contando hasta llegar a 10 y entonces repite.<\/p>\n<p style=\"text-align: justify;\">No hay nada m\u00e1s.<\/p>\n<p style=\"text-align: justify;\">Perder\u00e1s la concentraci\u00f3n. Te zambullir\u00e1s bajo una lluvia de pensamientos, agradables o desagradables.<\/p>\n<p style=\"text-align: justify;\">La clave es volver siempre a la respiraci\u00f3n. Permite que el aire entrando y saliendo sea tu ancla.<\/p>\n<p style=\"text-align: justify;\">Pronto ver\u00e1s que no es tan f\u00e1cil como parece.<\/p>\n<p style=\"text-align: justify;\">Que el contenido de tu mente no es un retrato fiel de la realidad.<\/p>\n<p style=\"text-align: justify;\">La meditaci\u00f3n te muestra el poco control que tienes sobre t\u00ed mismo.<\/p>\n<p style=\"text-align: justify;\">Darse cuenta es el primer paso. Despu\u00e9s podemos trabajar para seguir conociendo y recuperar el control de la mente.<\/p>\n<p style=\"text-align: justify;\">La meditaci\u00f3n debe ser el primer paso, la primera acci\u00f3n. Si adem\u00e1s quieres leer sobre el tema, conocer la experiencia de potras personas, lo que dice la filosof\u00eda al respecto, lo que dice la ciencia\u2026hazlo. Pero no sustituyas la pr\u00e1ctica por libros. Las lecturas te ayudan a entender. Te encaminan hacia el agua. Pero beberte el agua, interiorizar la pr\u00e1ctica, es tu trabajo.<\/p>\n<p style=\"text-align: justify;\">Mindfulness no es algo que te viene dado de fuera.<strong> Es una cualidad que t\u00fa ya tienes.<\/strong> Practicar meditaci\u00f3n formalmente simplemente te ayuda a descubrir esa cualidad y a conectar con ella. S\u00f3lo tienes que empezar.<\/p>\n<p>[\/vc_column_text][vc_column_text][\/vc_column_text][vc_message message_box_style=\u00bboutline\u00bb message_box_color=\u00bborange\u00bb icon_fontawesome=\u00bbfa fa-bookmark\u00bb]<\/p>\n<blockquote>\n<h3>\u201cComienza donde est\u00e1s. Esto es muy importante\u2026. Puedes ser la persona m\u00e1s violenta del mundo, ese es un buen punto de partida. Es un lugar muy rico para comenzar: un lugar jugoso, oloroso. Podr\u00edas ser la persona m\u00e1s deprimida del mundo, la persona m\u00e1s adicta del mundo, la persona m\u00e1s celosa del mundo. Podr\u00edas pensar que no hay nadie m\u00e1s en todo el planeta que se odie a s\u00ed mismo tanto como t\u00fa. Todos estos son buenos puntos de partida. <span style=\"text-decoration: underline;\">Alli donde est\u00e9s<\/span>, ese es un buen punto de partida\u201d<\/h3>\n<h3>Pema Ch\u00f6dr\u00f6n (Comienza donde est\u00e1s)<\/h3>\n<\/blockquote>\n<p>[\/vc_message][vc_column_text][\/vc_column_text][vc_column_text]<\/p>\n<p style=\"text-align: justify;\">Los estudios muestran evidencias de que cuando miramos hacia atr\u00e1s en nuestras vidas <a href=\"http:\/\/pijamasurf.com\/2016\/10\/estos_son_los_10_remordimientos_que_mas_atormentan_a_las_personas\/?%3E\">los remordimientos m\u00e1s comunes<\/a> no son por las veces que nos hemos arriesgado en la vida, sino por las veces en que no lo hemos hecho.<\/p>\n<p style=\"text-align: justify;\">De los muchos arrepentimientos que la gente describe, <strong>la falta de acci\u00f3n supera casi el doble a los de la acci\u00f3n.<\/strong><\/p>\n<p style=\"text-align: justify;\">El mayor obst\u00e1culo para muchos de nosotros es simplemente empezar. Tomar esa importante decisi\u00f3n de dar un paso. Esa decisi\u00f3n implica:<\/p>\n<p style=\"text-align: justify;\">1.-<strong> Confiar en ti.<\/strong><\/p>\n<p style=\"text-align: justify;\">2.- Conectar genuinamente con lo que te motiva, <strong>lo que de verdad te emociona,<\/strong> tu causa para dar ese paso.<\/p>\n<p style=\"text-align: justify;\">3.- No ir\u00a0demasiado lejos en el tiempo. Piensa en <strong>dar el primer paso<\/strong> y no en todos los que faltan para llegar a tu objetivo.<\/p>\n<p style=\"text-align: justify;\">\u00a1Empieza ahora!<\/p>\n<p>[\/vc_column_text][vc_column_text][\/vc_column_text][vc_message message_box_style=\u00bboutline\u00bb message_box_color=\u00bborange\u00bb icon_fontawesome=\u00bbfa fa-bookmark\u00bb]<\/p>\n<blockquote>\n<h3>\u00abEs mejor vivir tu propio destino de manera imperfecta, que vivir una imitaci\u00f3n de la vida perfecta de otra persona.\u00bb<\/h3>\n<h3>An\u00f3nimo, El Bhagavad Gita<\/h3>\n<\/blockquote>\n<p>[\/vc_message][vc_column_text][\/vc_column_text][vc_separator color=\u00bborange\u00bb style=\u00bbdotted\u00bb border_width=\u00bb10&#8243;][\/vc_column][vc_column width=\u00bb1\/6&#8243;][\/vc_column][\/vc_row][vc_row][vc_column width=\u00bb1\/6&#8243;][\/vc_column][vc_column width=\u00bb2\/3&#8243;][vc_icon icon_fontawesome=\u00bbfa fa-user-times\u00bb color=\u00bborange\u00bb size=\u00bbxl\u00bb align=\u00bbcenter\u00bb css_animation=\u00bbtop-to-bottom\u00bb][vc_custom_heading text=\u00bbPara ya de cuestionarte a t\u00ed mismo.\u00bb font_container=\u00bbtag:h2|text_align:center\u00bb use_theme_fonts=\u00bbyes\u00bb][vc_separator color=\u00bborange\u00bb style=\u00bbdotted\u00bb border_width=\u00bb10&#8243;][vc_column_text][\/vc_column_text][vc_column_text]<\/p>\n<p style=\"text-align: justify;\">Tu primer ebook, art\u00edculo, canci\u00f3n, podcast\u2026 lo que sea que hagas, nunca ser\u00e1 completamente satisfactorio y perfecto. <a href=\"http:\/\/www.psicoterapeutas.com\/trastornos\/tratamiento_verguenza_autocritica.html\">La autocr\u00edtica<\/a> y la autoduda siempre estar\u00e1n presentes, y la \u00fanica soluci\u00f3n es simplemente <strong>actuar a pesar de ellos.<\/strong><\/p>\n<blockquote>\n<h4 style=\"text-align: justify;\"><em>\u201cA medida que comenzamos a practicar la meditaci\u00f3n samatha-vipashyana, siguiendo nuestra respiraci\u00f3n y etiquetando nuestros pensamientos, empezamos a darnos cuenta de lo profundo que es soltar esos pensamientos, sin rechazarlos ni intentar reprimirlos, simplemente reconoci\u00e9ndolos como pensamientos violentos, pensamientos de odio,\u2026sean cuales sean. (\u2026) No tienes que transformar nada. Lo que hace falta es simplemente soltar el gui\u00f3n, soltar la historia, y eso no es tan f\u00e1cil. (\u2026) Empieza ahora, tal y como eres\u201d \u2013Pema Ch\u00f6dr\u00f6n (Comienza donde est\u00e1s)<\/em><\/h4>\n<\/blockquote>\n<p style=\"text-align: justify;\">La pr\u00e1ctica de mindfulness te permite darte cuenta de ese <strong>discurso interior<\/strong> sobre ti mismo, esas historias que hablan de ti y que no siempre son ciertas.<\/p>\n<p style=\"text-align: justify;\">Puedes descubrir que tienes tendencia a pensar que no eres lo suficientemente bueno\/a en algo, y que eso te hace renunciar sin siquiera haber empezado. El miedo a tomar riesgos nunca desaparece. A\u00fan as\u00ed, ser consciente de ese temor te permite convertirlo en algo familiar y te desbloquea. <strong>Puedes actuar a pesar del miedo.<\/strong><\/p>\n<p style=\"text-align: justify;\">Lo importante es <strong>persistir.<\/strong><\/p>\n<p style=\"text-align: justify;\">Si hay algo que te importe profundamente, hazlo. A lo mejor cuando empieces no est\u00e1s del todo en lo cierto. Pero lo importante es comenzar ahora.<\/p>\n<p style=\"text-align: justify;\">No hay un momento adecuado para nada. No esperes hasta que todo sea perfecto o correcto. <strong>Empieza ya.<\/strong><\/p>\n<p>[\/vc_column_text][vc_column_text][\/vc_column_text][vc_video link=\u00bbhttps:\/\/www.youtube.com\/watch?v=jehJTsQn3Pw&amp;list=PLMyOG-ChwQQwUEAR7b7LUIkoj3Ow4eHJZ\u00bb src=\u00bb\u00abhttps:\/\/www.youtube.com\/embed\/My1T0D7srFQ\u00ab\u00bb width=\u00bb\u00ab560\u00ab\u00bb height=\u00bb\u00ab315\u00ab\u00bb frameborder=\u00bb\u00ab0\u00ab\u00bb][vc_column_text][\/vc_column_text][vc_separator color=\u00bborange\u00bb border_width=\u00bb10&#8243;][\/vc_column][vc_column width=\u00bb1\/6&#8243;][\/vc_column][\/vc_row][vc_row][vc_column width=\u00bb1\/6&#8243;][\/vc_column][vc_column width=\u00bb2\/3&#8243;][vc_text_separator title=\u00bbC\u00f3mo desarrollar un h\u00e1bito de meditaci\u00f3n ma\u00f1ana y tarde\u00bb color=\u00bborange\u00bb][vc_column_text][\/vc_column_text][vc_message message_box_style=\u00bboutline\u00bb message_box_color=\u00bbgrey\u00bb]<\/p>\n<h4 style=\"text-align: justify;\">Deja de lado las ideas que tienes sobre lo que es la meditaci\u00f3n, y simplemente perm\u00edtete intentarlo.<\/h4>\n<ol style=\"text-align: justify;\">\n<li>\n<h4>MA\u00d1ANA.<\/h4>\n<\/li>\n<\/ol>\n<h4 style=\"text-align: justify;\">Al salir, toma un momento para mirar hacia el cielo. \u00bfC\u00f3mo se siente tu cuello en esa posici\u00f3n? \u00bfTe duele o se siente bien? Observa el cielo. \u00bfEs azul, gris o lluvioso? \u00bfHay \u00e1rboles, nubes o nieve? \u00bfQu\u00e9 sonidos escuchas? El canto de los p\u00e1jaros, el viento que sopla, los ruidos del tr\u00e1fico\u2026 S\u00f3lo toma nota de ello. El aire es una mordedura de fr\u00edo, una suave brisa un golpe de calor en la piel\u2026? Cierra los ojos un momento. A continuaci\u00f3n, toma una respiraci\u00f3n profunda.<\/h4>\n<h4 style=\"text-align: justify;\">\u00a1Est\u00e1s meditando! Enhorabuena.<\/h4>\n<h4 style=\"text-align: justify;\"><\/h4>\n<ol style=\"text-align: justify;\" start=\"2\">\n<li>\n<h4>TARDE.<\/h4>\n<\/li>\n<\/ol>\n<h4 style=\"text-align: justify;\">Antes de la hora de dormir, t\u00fambate de espaldas con los brazos a los lados y las palmas hacia arriba. Toma una respiraci\u00f3n profunda. Centrate en algo por lo que sientas agradecimiento. Es posible que hayas tenido un d\u00eda horrible. A\u00fan as\u00ed, intenta recordar algo que te hizo feliz. No importa lo peque\u00f1o que parezca.<\/h4>\n<h4 style=\"text-align: justify;\">Ahora, inhale profundamente y exhala el agradecimiento. Toma por lo menos tres respiraciones muy profundas por la nariz y de la boca.<\/h4>\n<h4 style=\"text-align: justify;\">Este puede ser un buen momento para escuchar una meditaci\u00f3n guiada o m\u00fasica que te guste.<\/h4>\n<h4 style=\"text-align: justify;\"><\/h4>\n<h4 style=\"text-align: justify;\"><\/h4>\n<h4 style=\"text-align: justify;\"><\/h4>\n<p>[\/vc_message][vc_column_text][\/vc_column_text][vc_separator color=\u00bborange\u00bb border_width=\u00bb10&#8243;][vc_column_text][\/vc_column_text][vc_btn title=\u00bbDescarga intimind gratis\u00bb color=\u00bborange\u00bb align=\u00bbcenter\u00bb i_type=\u00bblinecons\u00bb i_icon_linecons=\u00bbvc_li vc_li-bulb\u00bb button_block=\u00bbtrue\u00bb add_icon=\u00bbtrue\u00bb link=\u00bburl:http%3A%2F%2Fonelink.to%2F5s2ngs|title:Intimind%20en%20App%20Store|target:%20_blank|\u00bb][vc_column_text][\/vc_column_text][vc_column_text]<\/p>\n<p style=\"text-align: justify;\">Intenta dedicar solamente 10 minutos al d\u00eda a la contemplaci\u00f3n combinada con la respiraci\u00f3n profunda, y cu\u00e9ntanos c\u00f3mo te va. \u00bfQu\u00e9 es lo que te sirve a ti para dar el primer paso?\u00bfQu\u00e9 es lo que te motiva a empezar?<\/p>\n<p>[\/vc_column_text][vc_separator color=\u00bborange\u00bb style=\u00bbshadow\u00bb][vc_separator color=\u00bborange\u00bb style=\u00bbshadow\u00bb][vc_column_text]Foto portada: Dariusz Sankowski (unsplash)[\/vc_column_text][\/vc_column][vc_column width=\u00bb1\/6&#8243;][\/vc_column][\/vc_row][vc_row][vc_column][\/vc_column][\/vc_row]<\/p>\n","protected":false},"excerpt":{"rendered":"<p>[vc_row][vc_column width=\u00bb1\/6&#8243;][\/vc_column][vc_column width=\u00bb2\/3&#8243;][vc_custom_heading text=\u00bbM\u00e9tetelo en la cabeza. Es as\u00ed. Nunca hay un momento perfecto para entrar en acci\u00f3n. Nunca hay un momento perfecto para lanzar ese proyecto, cambiar un h\u00e1bito, o adoptar uno nuevo (como meditar). Cuando asumas esta realidad, el trabajo que haces cada d\u00eda te va a cundir m\u00e1s. Te explicamos por qu\u00e9 [&hellip;]<\/p>\n","protected":false},"author":2,"featured_media":1017,"comment_status":"open","ping_status":"open","sticky":false,"template":"","format":"standard","meta":[],"categories":[27,1],"tags":[96,90],"_links":{"self":[{"href":"https:\/\/intimind.es\/home\/wp-json\/wp\/v2\/posts\/1014"}],"collection":[{"href":"https:\/\/intimind.es\/home\/wp-json\/wp\/v2\/posts"}],"about":[{"href":"https:\/\/intimind.es\/home\/wp-json\/wp\/v2\/types\/post"}],"author":[{"embeddable":true,"href":"https:\/\/intimind.es\/home\/wp-json\/wp\/v2\/users\/2"}],"replies":[{"embeddable":true,"href":"https:\/\/intimind.es\/home\/wp-json\/wp\/v2\/comments?post=1014"}],"version-history":[{"count":15,"href":"https:\/\/intimind.es\/home\/wp-json\/wp\/v2\/posts\/1014\/revisions"}],"predecessor-version":[{"id":2805,"href":"https:\/\/intimind.es\/home\/wp-json\/wp\/v2\/posts\/1014\/revisions\/2805"}],"wp:featuredmedia":[{"embeddable":true,"href":"https:\/\/intimind.es\/home\/wp-json\/wp\/v2\/media\/1017"}],"wp:attachment":[{"href":"https:\/\/intimind.es\/home\/wp-json\/wp\/v2\/media?parent=1014"}],"wp:term":[{"taxonomy":"category","embeddable":true,"href":"https:\/\/intimind.es\/home\/wp-json\/wp\/v2\/categories?post=1014"},{"taxonomy":"post_tag","embeddable":true,"href":"https:\/\/intimind.es\/home\/wp-json\/wp\/v2\/tags?post=1014"}],"curies":[{"name":"wp","href":"https:\/\/api.w.org\/{rel}","templated":true}]}}